{"id":362696,"date":"2026-04-25T22:52:15","date_gmt":"2026-04-26T01:52:15","guid":{"rendered":"http:\/\/www.noticiasdelparana.com.ar\/NuevaEdicion\/?p=362696"},"modified":"2026-04-25T22:54:21","modified_gmt":"2026-04-26T01:54:21","slug":"colonia-benitez-motociclista-herido-tras-chocar-con-un-colectivo-en-la-curva-fortini","status":"publish","type":"post","link":"https:\/\/www.noticiasdelparana.com.ar\/NuevaEdicion\/2026\/04\/25\/colonia-benitez-motociclista-herido-tras-chocar-con-un-colectivo-en-la-curva-fortini\/","title":{"rendered":"COLONIA BEN\u00cdTEZ: Motociclista Herido Tras Chocar Con Un Colectivo En La Curva Fortini"},"content":{"rendered":"\n<p>El siniestro involucr\u00f3 a una Motomel Skua 150 cc, sin dominio colocado, conducida por un hombre identificado con las iniciales J.A.O., de 54 a\u00f1os, y a un colectivo interno N\u00b0 11 de la mencionada empresa.<\/p>\n\n\n\n<p>Como consecuencia del impacto, el motociclista result\u00f3 con heridas leves y fue trasladado al centro de salud local para su atenci\u00f3n.<\/p>\n\n\n\n<p>Las circunstancias del hecho son materia de investigaci\u00f3n por parte de las autoridades intervinientes.<\/p>\n\n\n\n<p>Foto: Pato Gomez<\/p>\n","protected":false},"excerpt":{"rendered":"<p>25-Abr-26  Un accidente de tr\u00e1nsito se registr\u00f3 en la localidad de Colonia Ben\u00edtez, en la zona conocida como Curva Fortini, donde colisionaron una motocicleta y un colectivo de la empresa Bermejo SRL.<\/p>\n","protected":false},"author":3,"featured_media":362697,"comment_status":"closed","ping_status":"closed","sticky":false,"template":"","format":"standard","meta":[],"categories":[103],"tags":[],"_links":{"self":[{"href":"https:\/\/www.noticiasdelparana.com.ar\/NuevaEdicion\/wp-json\/wp\/v2\/posts\/362696"}],"collection":[{"href":"https:\/\/www.noticiasdelparana.com.ar\/NuevaEdicion\/wp-json\/wp\/v2\/posts"}],"about":[{"href":"https:\/\/www.noticiasdelparana.com.ar\/NuevaEdicion\/wp-json\/wp\/v2\/types\/post"}],"author":[{"embeddable":true,"href":"https:\/\/www.noticiasdelparana.com.ar\/NuevaEdicion\/wp-json\/wp\/v2\/users\/3"}],"replies":[{"embeddable":true,"href":"https:\/\/www.noticiasdelparana.com.ar\/NuevaEdicion\/wp-json\/wp\/v2\/comments?post=362696"}],"version-history":[{"count":2,"href":"https:\/\/www.noticiasdelparana.com.ar\/NuevaEdicion\/wp-json\/wp\/v2\/posts\/362696\/revisions"}],"predecessor-version":[{"id":362699,"href":"https:\/\/www.noticiasdelparana.com.ar\/NuevaEdicion\/wp-json\/wp\/v2\/posts\/362696\/revisions\/362699"}],"wp:featuredmedia":[{"embeddable":true,"href":"https:\/\/www.noticiasdelparana.com.ar\/NuevaEdicion\/wp-json\/wp\/v2\/media\/362697"}],"wp:attachment":[{"href":"https:\/\/www.noticiasdelparana.com.ar\/NuevaEdicion\/wp-json\/wp\/v2\/media?parent=362696"}],"wp:term":[{"taxonomy":"category","embeddable":true,"href":"https:\/\/www.noticiasdelparana.com.ar\/NuevaEdicion\/wp-json\/wp\/v2\/categories?post=362696"},{"taxonomy":"post_tag","embeddable":true,"href":"https:\/\/www.noticiasdelparana.com.ar\/NuevaEdicion\/wp-json\/wp\/v2\/tags?post=362696"}],"curies":[{"name":"wp","href":"https:\/\/api.w.org\/{rel}","templated":true}]}}