{"id":362718,"date":"2026-04-26T09:24:31","date_gmt":"2026-04-26T12:24:31","guid":{"rendered":"http:\/\/www.noticiasdelparana.com.ar\/NuevaEdicion\/?p=362718"},"modified":"2026-04-26T09:24:35","modified_gmt":"2026-04-26T12:24:35","slug":"corrientes-la-comunidad-correntina-celebra-la-novena-de-la-cruz-de-los-milagros","status":"publish","type":"post","link":"https:\/\/www.noticiasdelparana.com.ar\/NuevaEdicion\/2026\/04\/26\/corrientes-la-comunidad-correntina-celebra-la-novena-de-la-cruz-de-los-milagros\/","title":{"rendered":"CORRIENTES: La Comunidad Correntina Celebra La Novena De La Cruz De Los Milagros"},"content":{"rendered":"\n<p>La ciudad capital vive d\u00edas de profunda espiritualidad. El pasado viernes 24 de abril dio inicio la Novena en honor a la Iglesia de la Cruz de los Milagros, uno de los eventos religiosos y culturales m\u00e1s significativos e importantes para la identidad de los correntinos.<\/p>\n\n\n\n<p>Bajo el lema b\u00edblico &#8220;Busca la Paz y sigue tras ella&#8221; (Salmo 34, 15), la comunidad se re\u00fane diariamente para reflexionar sobre la reconciliaci\u00f3n y la fraternidad en el contexto actual.<\/p>\n\n\n\n<p>Desde la organizaci\u00f3n del Santuario informaron que el programa diario mantiene una estructura fija para facilitar la participaci\u00f3n de los fieles: a las 19:15 se realiza el rezo del Santo Rosario, seguido por la celebraci\u00f3n de la Santa Misa a las 20.<\/p>\n\n\n\n<p>Una semana de intenciones<\/p>\n\n\n\n<p>Cada jornada de la novena est\u00e1 dedicada a un sector espec\u00edfico de la sociedad. Durante este domingo, la intenci\u00f3n principal se centr\u00f3 en los agentes de la educaci\u00f3n; mientras que para los pr\u00f3ximos d\u00edas se espera una gran convocatoria para rezar por las familias catequ\u00edsticas (lunes 27), los difuntos (martes 28) y los j\u00f3venes estudiantes (mi\u00e9rcoles 29).<\/p>\n\n\n\n<p>Uno de los momentos m\u00e1s inclusivos de la semana tendr\u00e1 lugar el jueves 30, a las 10, con una misa especialmente dedicada a los colegios de personas con discapacidad. Asimismo, el viernes 1 de mayo, coincidiendo con el D\u00eda del Trabajador, la liturgia se enfocar\u00e1 en la justicia social y el trabajo digno.<\/p>\n\n\n\n<p>V\u00edsperas y tradici\u00f3n<\/p>\n\n\n\n<p>El s\u00e1bado 2 de mayo marcar\u00e1 el cierre de la novena y el inicio de los festejos centrales. A partir de las 17, el Santuario comenzar\u00e1 a recibir a las comunidades vecinas que llegar\u00e1n con sus im\u00e1genes patronales, acompa\u00f1ados por la m\u00fasica de la banda &#8220;Siempre Listo&#8221;.<\/p>\n\n\n\n<p>El punto culminante de la v\u00edspera ser\u00e1 a las 20:45 con la realizaci\u00f3n de la luminaria frente al templo. Esta centenaria tradici\u00f3n, donde el fuego simboliza la fe del pueblo, preparar\u00e1 el clima para la fiesta patronal del 3 de mayo, d\u00eda en que Corrientes honra su madero hist\u00f3rico.<\/p>\n\n\n\n<p>Desde la parroquia invitan a toda la ciudadan\u00eda a sumarse a estas celebraciones que a\u00f1o tras a\u00f1o renuevan el compromiso de fe de toda la provincia.<\/p>\n","protected":false},"excerpt":{"rendered":"<p>26-Abr-26 Con una nutrida agenda de actividades, el Santuario inici\u00f3 los actos lit\u00fargicos previos a la gran fiesta patronal. Se destaca la tradicional luminaria del pr\u00f3ximo s\u00e1bado y oraciones especiales por la educaci\u00f3n, los j\u00f3venes y el trabajo.<\/p>\n","protected":false},"author":3,"featured_media":362721,"comment_status":"closed","ping_status":"closed","sticky":false,"template":"","format":"standard","meta":[],"categories":[139],"tags":[],"_links":{"self":[{"href":"https:\/\/www.noticiasdelparana.com.ar\/NuevaEdicion\/wp-json\/wp\/v2\/posts\/362718"}],"collection":[{"href":"https:\/\/www.noticiasdelparana.com.ar\/NuevaEdicion\/wp-json\/wp\/v2\/posts"}],"about":[{"href":"https:\/\/www.noticiasdelparana.com.ar\/NuevaEdicion\/wp-json\/wp\/v2\/types\/post"}],"author":[{"embeddable":true,"href":"https:\/\/www.noticiasdelparana.com.ar\/NuevaEdicion\/wp-json\/wp\/v2\/users\/3"}],"replies":[{"embeddable":true,"href":"https:\/\/www.noticiasdelparana.com.ar\/NuevaEdicion\/wp-json\/wp\/v2\/comments?post=362718"}],"version-history":[{"count":1,"href":"https:\/\/www.noticiasdelparana.com.ar\/NuevaEdicion\/wp-json\/wp\/v2\/posts\/362718\/revisions"}],"predecessor-version":[{"id":362723,"href":"https:\/\/www.noticiasdelparana.com.ar\/NuevaEdicion\/wp-json\/wp\/v2\/posts\/362718\/revisions\/362723"}],"wp:featuredmedia":[{"embeddable":true,"href":"https:\/\/www.noticiasdelparana.com.ar\/NuevaEdicion\/wp-json\/wp\/v2\/media\/362721"}],"wp:attachment":[{"href":"https:\/\/www.noticiasdelparana.com.ar\/NuevaEdicion\/wp-json\/wp\/v2\/media?parent=362718"}],"wp:term":[{"taxonomy":"category","embeddable":true,"href":"https:\/\/www.noticiasdelparana.com.ar\/NuevaEdicion\/wp-json\/wp\/v2\/categories?post=362718"},{"taxonomy":"post_tag","embeddable":true,"href":"https:\/\/www.noticiasdelparana.com.ar\/NuevaEdicion\/wp-json\/wp\/v2\/tags?post=362718"}],"curies":[{"name":"wp","href":"https:\/\/api.w.org\/{rel}","templated":true}]}}