{"id":362725,"date":"2026-04-26T09:29:15","date_gmt":"2026-04-26T12:29:15","guid":{"rendered":"http:\/\/www.noticiasdelparana.com.ar\/NuevaEdicion\/?p=362725"},"modified":"2026-04-26T09:29:19","modified_gmt":"2026-04-26T12:29:19","slug":"corrientes-referentes-del-nea-reclaman-por-la-ley-de-emergencia-en-discapacidad","status":"publish","type":"post","link":"https:\/\/www.noticiasdelparana.com.ar\/NuevaEdicion\/2026\/04\/26\/corrientes-referentes-del-nea-reclaman-por-la-ley-de-emergencia-en-discapacidad\/","title":{"rendered":"CORRIENTES:  Referentes del NEA Reclaman Por La Ley De Emergencia En Discapacidad"},"content":{"rendered":"\n<p>En el marco de un encuentro con autoridades del Ministerio de Desarrollo Social, representantes regionales de las \u00e1reas de Discapacidad exigieron la aplicaci\u00f3n efectiva de la Ley de Emergencia en Discapacidad N\u00b027.793. Adem\u00e1s, advirtieron sobre las consecuencias institucionales y sociales que implicar\u00eda la iniciativa oficialista.<\/p>\n\n\n\n<p>El reclamo surge tras conocerse la intenci\u00f3n del Gobierno nacional de reformar la normativa actual. Esto ha generado una fuerte preocupaci\u00f3n entre asociaciones de padres y de profesionales que atienden a dicha poblaci\u00f3n, como as\u00ed, a entidades gubernamentales tal es el caso del Consejo Provincial de Discapacidad de Corrientes (COPRODIS) que ofici\u00f3 de anfitri\u00f3n de un encuentro con \u00e1reas provinciales que entienden de la materia.<\/p>\n\n\n\n<p>La iniciativa enviada al Senado de la Naci\u00f3n propone cambios sustanciales que afectar\u00edan la sostenibilidad del sistema de prestaciones y los derechos adquiridos por los beneficiarios. Entre los puntos m\u00e1s controvertidos se encuentra la derogaci\u00f3n de art\u00edculos clave de la Ley 27.793, lo que permitir\u00eda desregular la negociaci\u00f3n por el sistema de salud y suprimir la actualizaci\u00f3n autom\u00e1tica de los aranceles. Asimismo, el texto oficial establece un reempadronamiento obligatorio para los titulares de pensiones por invalidez, quienes deber\u00e1n acreditar nuevamente su condici\u00f3n m\u00e9dica y situaci\u00f3n socioecon\u00f3mica bajo riesgo de sufrir la suspensi\u00f3n inmediata del beneficio.<\/p>\n\n\n\n<p>En t\u00e9rminos econ\u00f3micos, el nuevo sistema fija el monto de la pensi\u00f3n no contributiva en un 70% del haber m\u00ednimo jubilatorio, eliminando facultades del Ejecutivo para otorgar incrementos por invalidez laboral o por residencia en zonas geogr\u00e1ficas desfavorables.<\/p>\n\n\n\n<p>Por otro lado, la reforma endurece las condiciones de acceso al empleo al eliminar la posibilidad de que una persona con discapacidad mantenga su beneficio prestacional si logra acceder a un trabajo registrado. A esta medida se suma la quita de incentivos y programas de reconocimiento para aquellas empresas que fomentan la inclusi\u00f3n laboral dentro de sus estructuras.<\/p>\n\n\n\n<p>Durante la reuni\u00f3n con funcionarios nacionales, representantes del NEA como Roxana Tannuri y Mirta Mendoza enfatizaron la necesidad de fortalecer la articulaci\u00f3n institucional y avanzar en pol\u00edticas p\u00fablicas inclusivas. Pol\u00edticas que desde el ejecutivo Nacional han sido reticentes para un sector tan vulnerable como lo son las personas con discapacidad.<\/p>\n\n\n\n<p>Desde el sector de discapacidad esta actitud es considerada una estrategia de dilaci\u00f3n por parte del oficialismo. Seg\u00fan los padres y entidades civiles, la presentaci\u00f3n de este nuevo debate legislativo buscar\u00eda ganar tiempo mientras se incumplen normativas vigentes y sentencias judiciales previas. Un caso similar a lo que denuncian la aplicaci\u00f3n plena de la Ley de Financiamiento Universitario.<\/p>\n\n\n\n<p>Por otra parte, del encuentro de responsables de las \u00e1reas provinciales de Discapacidad que se realiz\u00f3 en Corrientes surgi\u00f3 una agenda regional que se espera sumar al Consejo Federal de Discapacidad. Esta se mantiene firme en tres ejes prioritarios: la implementaci\u00f3n inmediata de la Ley de Emergencia Nacional, la regularizaci\u00f3n de las deudas con las instituciones prestadoras y el manejo transparente de los fondos espec\u00edficos para el sector a trav\u00e9s del FONADIS.<\/p>\n\n\n\n<p>En paralelo, los prestadores privados han expresado su alarma ante la posible vulneraci\u00f3n de la Ley 24.901. Marcela Kriscovich, referente de la Asociaci\u00f3n Civil de Prestadores de Discapacidad, advirti\u00f3 que la supresi\u00f3n del nomenclador nacional dejar\u00eda en manos del Estado la fijaci\u00f3n arbitraria de valores sin contemplar indicadores objetivos como el \u00edndice de inflaci\u00f3n. &#8220;Se dejar\u00eda sin efecto los valores de nomenclador y cobrar todos de la misma manera&#8221;, expres\u00f3 a Radio Dos.<\/p>\n\n\n\n<p>Esta situaci\u00f3n obligar\u00eda a las familias de los pacientes a cubrir las diferencias econ\u00f3micas de los tratamientos, lo que profundizar\u00eda la exclusi\u00f3n de los sectores m\u00e1s vulnerables. La postura de los referentes regionales subraya que cualquier modificaci\u00f3n al sistema actual debe priorizar la protecci\u00f3n de los derechos humanos por encima de las metas de ajuste fiscal.<br><\/p>\n","protected":false},"excerpt":{"rendered":"<p>26-Abr-26 Representantes de entidades que atienden a personas con discapacidad en la regi\u00f3n manifestaron su rechazo al proyecto impulsado por el Ejecutivo nacional que busca modificar el marco normativo vigente. Piden plena aplicaci\u00f3n de la norma.<\/p>\n","protected":false},"author":3,"featured_media":362726,"comment_status":"closed","ping_status":"closed","sticky":false,"template":"","format":"standard","meta":[],"categories":[139],"tags":[],"_links":{"self":[{"href":"https:\/\/www.noticiasdelparana.com.ar\/NuevaEdicion\/wp-json\/wp\/v2\/posts\/362725"}],"collection":[{"href":"https:\/\/www.noticiasdelparana.com.ar\/NuevaEdicion\/wp-json\/wp\/v2\/posts"}],"about":[{"href":"https:\/\/www.noticiasdelparana.com.ar\/NuevaEdicion\/wp-json\/wp\/v2\/types\/post"}],"author":[{"embeddable":true,"href":"https:\/\/www.noticiasdelparana.com.ar\/NuevaEdicion\/wp-json\/wp\/v2\/users\/3"}],"replies":[{"embeddable":true,"href":"https:\/\/www.noticiasdelparana.com.ar\/NuevaEdicion\/wp-json\/wp\/v2\/comments?post=362725"}],"version-history":[{"count":1,"href":"https:\/\/www.noticiasdelparana.com.ar\/NuevaEdicion\/wp-json\/wp\/v2\/posts\/362725\/revisions"}],"predecessor-version":[{"id":362727,"href":"https:\/\/www.noticiasdelparana.com.ar\/NuevaEdicion\/wp-json\/wp\/v2\/posts\/362725\/revisions\/362727"}],"wp:featuredmedia":[{"embeddable":true,"href":"https:\/\/www.noticiasdelparana.com.ar\/NuevaEdicion\/wp-json\/wp\/v2\/media\/362726"}],"wp:attachment":[{"href":"https:\/\/www.noticiasdelparana.com.ar\/NuevaEdicion\/wp-json\/wp\/v2\/media?parent=362725"}],"wp:term":[{"taxonomy":"category","embeddable":true,"href":"https:\/\/www.noticiasdelparana.com.ar\/NuevaEdicion\/wp-json\/wp\/v2\/categories?post=362725"},{"taxonomy":"post_tag","embeddable":true,"href":"https:\/\/www.noticiasdelparana.com.ar\/NuevaEdicion\/wp-json\/wp\/v2\/tags?post=362725"}],"curies":[{"name":"wp","href":"https:\/\/api.w.org\/{rel}","templated":true}]}}