{"id":362757,"date":"2026-04-26T16:42:21","date_gmt":"2026-04-26T19:42:21","guid":{"rendered":"http:\/\/www.noticiasdelparana.com.ar\/NuevaEdicion\/?p=362757"},"modified":"2026-04-26T16:42:25","modified_gmt":"2026-04-26T19:42:25","slug":"barranqueras-interceptan-a-ciclista-con-objetos-de-dudosa-procedencia","status":"publish","type":"post","link":"https:\/\/www.noticiasdelparana.com.ar\/NuevaEdicion\/2026\/04\/26\/barranqueras-interceptan-a-ciclista-con-objetos-de-dudosa-procedencia\/","title":{"rendered":"BARRANQUERAS: Interceptan A Ciclista Con Objetos De Dudosa Procedencia"},"content":{"rendered":"\n<p>Este domingo a las 6, personal de la Comisar\u00eda Primera de Barranqueras, demor\u00f3 a un hombre de 28 a\u00f1os, quien se desplazaba en una bicicleta con cables y varias herramientas de dudosa procedencia.El procedimiento se origin\u00f3 tras la alerta de un vecino por un sujeto sustrayendo cables, aportando im\u00e1genes donde se observaba al sujeto en inmediaciones de una empresa de bebidas.<\/p>\n\n\n\n<p>Inmediatamente los agentes se abocaron a la b\u00fasqueda del sujeto siendo interceptado en las cercan\u00edas de la empresa, con cables y herramientas de las cuales no pudo justificar la procedencia.<\/p>\n\n\n\n<p>Por ello secuestraron los elementos y junto al ciclista fueron trasladados a la Primera de Barranqueras donde qued\u00f3 a disposici\u00f3n de la justicia.<\/p>\n","protected":false},"excerpt":{"rendered":"<p>26-Abr-26  Trasladaba cables y herramientas.<\/p>\n","protected":false},"author":3,"featured_media":362758,"comment_status":"closed","ping_status":"closed","sticky":false,"template":"","format":"standard","meta":[],"categories":[99,108],"tags":[],"_links":{"self":[{"href":"https:\/\/www.noticiasdelparana.com.ar\/NuevaEdicion\/wp-json\/wp\/v2\/posts\/362757"}],"collection":[{"href":"https:\/\/www.noticiasdelparana.com.ar\/NuevaEdicion\/wp-json\/wp\/v2\/posts"}],"about":[{"href":"https:\/\/www.noticiasdelparana.com.ar\/NuevaEdicion\/wp-json\/wp\/v2\/types\/post"}],"author":[{"embeddable":true,"href":"https:\/\/www.noticiasdelparana.com.ar\/NuevaEdicion\/wp-json\/wp\/v2\/users\/3"}],"replies":[{"embeddable":true,"href":"https:\/\/www.noticiasdelparana.com.ar\/NuevaEdicion\/wp-json\/wp\/v2\/comments?post=362757"}],"version-history":[{"count":1,"href":"https:\/\/www.noticiasdelparana.com.ar\/NuevaEdicion\/wp-json\/wp\/v2\/posts\/362757\/revisions"}],"predecessor-version":[{"id":362759,"href":"https:\/\/www.noticiasdelparana.com.ar\/NuevaEdicion\/wp-json\/wp\/v2\/posts\/362757\/revisions\/362759"}],"wp:featuredmedia":[{"embeddable":true,"href":"https:\/\/www.noticiasdelparana.com.ar\/NuevaEdicion\/wp-json\/wp\/v2\/media\/362758"}],"wp:attachment":[{"href":"https:\/\/www.noticiasdelparana.com.ar\/NuevaEdicion\/wp-json\/wp\/v2\/media?parent=362757"}],"wp:term":[{"taxonomy":"category","embeddable":true,"href":"https:\/\/www.noticiasdelparana.com.ar\/NuevaEdicion\/wp-json\/wp\/v2\/categories?post=362757"},{"taxonomy":"post_tag","embeddable":true,"href":"https:\/\/www.noticiasdelparana.com.ar\/NuevaEdicion\/wp-json\/wp\/v2\/tags?post=362757"}],"curies":[{"name":"wp","href":"https:\/\/api.w.org\/{rel}","templated":true}]}}