{"id":362760,"date":"2026-04-26T16:44:31","date_gmt":"2026-04-26T19:44:31","guid":{"rendered":"http:\/\/www.noticiasdelparana.com.ar\/NuevaEdicion\/?p=362760"},"modified":"2026-04-26T16:44:35","modified_gmt":"2026-04-26T19:44:35","slug":"resistencia-hallaron-a-ramon-zequeira-en-buen-estado","status":"publish","type":"post","link":"https:\/\/www.noticiasdelparana.com.ar\/NuevaEdicion\/2026\/04\/26\/resistencia-hallaron-a-ramon-zequeira-en-buen-estado\/","title":{"rendered":"RESISTENCIA:  Hallaron A Ram\u00f3n Zequeira En Buen Estado"},"content":{"rendered":"\n<p>Este domingo a eso de las 9, efectivos de la Comisar\u00eda S\u00e9ptima de Resistencia hallaron a Ram\u00f3n Zequeira de 56 a\u00f1os, quien hab\u00eda sido reportado como ausente desde el d\u00eda s\u00e1bado.<\/p>\n\n\n\n<p>En horas de la ma\u00f1ana, Zequeira se comunic\u00f3 telef\u00f3nicamente con personal policial, manifestando encontrarse en buen estado de salud en un domicilio de calle San Roque.<\/p>\n\n\n\n<p>Inmediatamente un equipo de trabajo lleg\u00f3 al lugar, los efectivos corroboraron su presencia y escucharon su declaraci\u00f3n: el hombre asegur\u00f3 que se retir\u00f3 voluntariamente de su vivienda y que permanecer\u00eda all\u00ed por decisi\u00f3n propia.<\/p>\n\n\n\n<p>Se dio intervenci\u00f3n al magistrado en turno, quien orden\u00f3 desactivar el protocolo de b\u00fasqueda de personas.<\/p>\n","protected":false},"excerpt":{"rendered":"<p>26-Abr-26 Tras denuncia de su pareja, la Polic\u00eda confirm\u00f3 que el hombre se encontraba en otra vivienda por voluntad propia.<\/p>\n","protected":false},"author":3,"featured_media":362761,"comment_status":"closed","ping_status":"closed","sticky":false,"template":"","format":"standard","meta":[],"categories":[103],"tags":[],"_links":{"self":[{"href":"https:\/\/www.noticiasdelparana.com.ar\/NuevaEdicion\/wp-json\/wp\/v2\/posts\/362760"}],"collection":[{"href":"https:\/\/www.noticiasdelparana.com.ar\/NuevaEdicion\/wp-json\/wp\/v2\/posts"}],"about":[{"href":"https:\/\/www.noticiasdelparana.com.ar\/NuevaEdicion\/wp-json\/wp\/v2\/types\/post"}],"author":[{"embeddable":true,"href":"https:\/\/www.noticiasdelparana.com.ar\/NuevaEdicion\/wp-json\/wp\/v2\/users\/3"}],"replies":[{"embeddable":true,"href":"https:\/\/www.noticiasdelparana.com.ar\/NuevaEdicion\/wp-json\/wp\/v2\/comments?post=362760"}],"version-history":[{"count":1,"href":"https:\/\/www.noticiasdelparana.com.ar\/NuevaEdicion\/wp-json\/wp\/v2\/posts\/362760\/revisions"}],"predecessor-version":[{"id":362762,"href":"https:\/\/www.noticiasdelparana.com.ar\/NuevaEdicion\/wp-json\/wp\/v2\/posts\/362760\/revisions\/362762"}],"wp:featuredmedia":[{"embeddable":true,"href":"https:\/\/www.noticiasdelparana.com.ar\/NuevaEdicion\/wp-json\/wp\/v2\/media\/362761"}],"wp:attachment":[{"href":"https:\/\/www.noticiasdelparana.com.ar\/NuevaEdicion\/wp-json\/wp\/v2\/media?parent=362760"}],"wp:term":[{"taxonomy":"category","embeddable":true,"href":"https:\/\/www.noticiasdelparana.com.ar\/NuevaEdicion\/wp-json\/wp\/v2\/categories?post=362760"},{"taxonomy":"post_tag","embeddable":true,"href":"https:\/\/www.noticiasdelparana.com.ar\/NuevaEdicion\/wp-json\/wp\/v2\/tags?post=362760"}],"curies":[{"name":"wp","href":"https:\/\/api.w.org\/{rel}","templated":true}]}}