{"id":362763,"date":"2026-04-26T16:47:05","date_gmt":"2026-04-26T19:47:05","guid":{"rendered":"http:\/\/www.noticiasdelparana.com.ar\/NuevaEdicion\/?p=362763"},"modified":"2026-04-26T16:47:09","modified_gmt":"2026-04-26T19:47:09","slug":"roca-esclarecieron-un-hurto-y-recuperaron-prendas-sustraidas-de-una-vivienda","status":"publish","type":"post","link":"https:\/\/www.noticiasdelparana.com.ar\/NuevaEdicion\/2026\/04\/26\/roca-esclarecieron-un-hurto-y-recuperaron-prendas-sustraidas-de-una-vivienda\/","title":{"rendered":"ROCA: Esclarecieron Un Hurto Y Recuperaron Prendas Sustra\u00eddas De Una Vivienda"},"content":{"rendered":"\n<p>Efectivos policiales de la comisar\u00eda de Presidencia Roca lograron esclarecer un hecho de hurto denunciado durante la jornada de hoy al mediod\u00eda y recuperaron los bienes sustra\u00eddos de una vivienda del barrio San Jos\u00e9.<\/p>\n\n\n\n<p>Seg\u00fan la denuncia radicada por el propietario durante la madrugada personas desconocidas ingresaron al inmueble sin ejercer violencia y se llevaron un par de botas de goma negras y un pantal\u00f3n de jean oscuro.<\/p>\n\n\n\n<p>Tras tareas investigativas y rastrillajes en la zona, los agentes hallaron los elementos escondidos entre malezas, a unos 200 metros del domicilio.<\/p>\n\n\n\n<p>Finalmente, la Fiscal\u00eda interviniente orden\u00f3 la devoluci\u00f3n de los bienes recuperados a su propietario, bajo acta correspondiente.<\/p>\n","protected":false},"excerpt":{"rendered":"<p>26-Abr-26  Los elementos denunciados como robados fueron hallados ocultos entre malezas, a unos 200 metros del domicilio de la v\u00edctima.<\/p>\n","protected":false},"author":3,"featured_media":362764,"comment_status":"closed","ping_status":"closed","sticky":false,"template":"","format":"standard","meta":[],"categories":[103],"tags":[],"_links":{"self":[{"href":"https:\/\/www.noticiasdelparana.com.ar\/NuevaEdicion\/wp-json\/wp\/v2\/posts\/362763"}],"collection":[{"href":"https:\/\/www.noticiasdelparana.com.ar\/NuevaEdicion\/wp-json\/wp\/v2\/posts"}],"about":[{"href":"https:\/\/www.noticiasdelparana.com.ar\/NuevaEdicion\/wp-json\/wp\/v2\/types\/post"}],"author":[{"embeddable":true,"href":"https:\/\/www.noticiasdelparana.com.ar\/NuevaEdicion\/wp-json\/wp\/v2\/users\/3"}],"replies":[{"embeddable":true,"href":"https:\/\/www.noticiasdelparana.com.ar\/NuevaEdicion\/wp-json\/wp\/v2\/comments?post=362763"}],"version-history":[{"count":1,"href":"https:\/\/www.noticiasdelparana.com.ar\/NuevaEdicion\/wp-json\/wp\/v2\/posts\/362763\/revisions"}],"predecessor-version":[{"id":362765,"href":"https:\/\/www.noticiasdelparana.com.ar\/NuevaEdicion\/wp-json\/wp\/v2\/posts\/362763\/revisions\/362765"}],"wp:featuredmedia":[{"embeddable":true,"href":"https:\/\/www.noticiasdelparana.com.ar\/NuevaEdicion\/wp-json\/wp\/v2\/media\/362764"}],"wp:attachment":[{"href":"https:\/\/www.noticiasdelparana.com.ar\/NuevaEdicion\/wp-json\/wp\/v2\/media?parent=362763"}],"wp:term":[{"taxonomy":"category","embeddable":true,"href":"https:\/\/www.noticiasdelparana.com.ar\/NuevaEdicion\/wp-json\/wp\/v2\/categories?post=362763"},{"taxonomy":"post_tag","embeddable":true,"href":"https:\/\/www.noticiasdelparana.com.ar\/NuevaEdicion\/wp-json\/wp\/v2\/tags?post=362763"}],"curies":[{"name":"wp","href":"https:\/\/api.w.org\/{rel}","templated":true}]}}