{"id":362766,"date":"2026-04-26T16:50:04","date_gmt":"2026-04-26T19:50:04","guid":{"rendered":"http:\/\/www.noticiasdelparana.com.ar\/NuevaEdicion\/?p=362766"},"modified":"2026-04-26T16:50:07","modified_gmt":"2026-04-26T19:50:07","slug":"san-martin-un-hombre-murio-tras-ser-apunalado-y-detuvieron-al-presunto-autor","status":"publish","type":"post","link":"https:\/\/www.noticiasdelparana.com.ar\/NuevaEdicion\/2026\/04\/26\/san-martin-un-hombre-murio-tras-ser-apunalado-y-detuvieron-al-presunto-autor\/","title":{"rendered":"SAN MART\u00cdN: Un Hombre Muri\u00f3 Tras Ser Apu\u00f1alado Y Detuvieron Al Presunto Autor"},"content":{"rendered":"\n<p>Un hecho conmocion\u00f3 este domingo a la ciudad de General San Mart\u00edn, donde un hombre de 37 a\u00f1os perdi\u00f3 la vida tras recibir una herida de arma blanca en el barrio Itat\u00ed. Por el caso, la Polic\u00eda detuvo a otro hombre se\u00f1alado como presunto autor del hecho.<\/p>\n\n\n\n<p>El procedimiento se desarroll\u00f3 alrededor de las 13 en inmediaciones de calle Diputado Varela, donde trabajaron efectivos policiales junto a personal del Gabinete Cient\u00edfico y autoridades judiciales.<\/p>\n\n\n\n<p>La v\u00edctima ingres\u00f3 al hospital local con una herida punzocortante en la zona abdominal izquierda. Debido a la gravedad de su estado, presentando shock e hipotensi\u00f3n, fue estabilizado e intubado para luego ser derivado al Hospital Perrando de Resistencia. Sin embargo, falleci\u00f3 durante el traslado, en cercan\u00edas de la localidad de La Eduvigis.<\/p>\n\n\n\n<figure class=\"wp-block-image size-large\"><img loading=\"lazy\" width=\"640\" height=\"480\" src=\"http:\/\/www.noticiasdelparana.com.ar\/NuevaEdicion\/wp-content\/uploads\/2026\/04\/crien-sm1.jpg\" alt=\"\" class=\"wp-image-362767\" srcset=\"https:\/\/www.noticiasdelparana.com.ar\/NuevaEdicion\/wp-content\/uploads\/2026\/04\/crien-sm1.jpg 640w, https:\/\/www.noticiasdelparana.com.ar\/NuevaEdicion\/wp-content\/uploads\/2026\/04\/crien-sm1-300x225.jpg 300w\" sizes=\"(max-width: 640px) 100vw, 640px\" \/><\/figure>\n\n\n\n<p>En el lugar del hecho, los efectivos secuestraron un cuchillo tipo pu\u00f1al de unos 48 cent\u00edmetros de largo, prendas de vestir con manchas similares a sangre, documentaci\u00f3n varia y un hierro de aproximadamente 1,50 metros con un cuchillo atado en uno de sus extremos, elementos que ser\u00e1n sometidos a pericias.<\/p>\n\n\n\n<p>Asimismo, fue conducido un hombre de 37 a\u00f1os, domiciliado en el mismo barrio, quien qued\u00f3 aprehendido en la causa por disposici\u00f3n del Equipo interviniente ,Tambi\u00e9n se secuestr\u00f3 la vestimenta que llevaba puesta al momento de su demora.<\/p>\n\n\n\n<p>La Polic\u00eda contin\u00faa con las actuaciones correspondientes y la toma de testimonios para esclarecer las circunstancias en las que se produjo el homicidio.<\/p>\n","protected":false},"excerpt":{"rendered":"<p>26-Abr-26  Fue trasladado de urgencia al hospital local y luego derivado al Hospital Perrando, pero falleci\u00f3 durante el traslado.<\/p>\n","protected":false},"author":3,"featured_media":362768,"comment_status":"closed","ping_status":"closed","sticky":false,"template":"","format":"standard","meta":[],"categories":[103],"tags":[],"_links":{"self":[{"href":"https:\/\/www.noticiasdelparana.com.ar\/NuevaEdicion\/wp-json\/wp\/v2\/posts\/362766"}],"collection":[{"href":"https:\/\/www.noticiasdelparana.com.ar\/NuevaEdicion\/wp-json\/wp\/v2\/posts"}],"about":[{"href":"https:\/\/www.noticiasdelparana.com.ar\/NuevaEdicion\/wp-json\/wp\/v2\/types\/post"}],"author":[{"embeddable":true,"href":"https:\/\/www.noticiasdelparana.com.ar\/NuevaEdicion\/wp-json\/wp\/v2\/users\/3"}],"replies":[{"embeddable":true,"href":"https:\/\/www.noticiasdelparana.com.ar\/NuevaEdicion\/wp-json\/wp\/v2\/comments?post=362766"}],"version-history":[{"count":1,"href":"https:\/\/www.noticiasdelparana.com.ar\/NuevaEdicion\/wp-json\/wp\/v2\/posts\/362766\/revisions"}],"predecessor-version":[{"id":362769,"href":"https:\/\/www.noticiasdelparana.com.ar\/NuevaEdicion\/wp-json\/wp\/v2\/posts\/362766\/revisions\/362769"}],"wp:featuredmedia":[{"embeddable":true,"href":"https:\/\/www.noticiasdelparana.com.ar\/NuevaEdicion\/wp-json\/wp\/v2\/media\/362768"}],"wp:attachment":[{"href":"https:\/\/www.noticiasdelparana.com.ar\/NuevaEdicion\/wp-json\/wp\/v2\/media?parent=362766"}],"wp:term":[{"taxonomy":"category","embeddable":true,"href":"https:\/\/www.noticiasdelparana.com.ar\/NuevaEdicion\/wp-json\/wp\/v2\/categories?post=362766"},{"taxonomy":"post_tag","embeddable":true,"href":"https:\/\/www.noticiasdelparana.com.ar\/NuevaEdicion\/wp-json\/wp\/v2\/tags?post=362766"}],"curies":[{"name":"wp","href":"https:\/\/api.w.org\/{rel}","templated":true}]}}