{"id":362773,"date":"2026-04-26T16:56:18","date_gmt":"2026-04-26T19:56:18","guid":{"rendered":"http:\/\/www.noticiasdelparana.com.ar\/NuevaEdicion\/?p=362773"},"modified":"2026-04-26T16:56:22","modified_gmt":"2026-04-26T19:56:22","slug":"resistencia-tres-detenidos-tras-persecucion-enfrentamiento-y-agresion-a-efectivos-policiales","status":"publish","type":"post","link":"https:\/\/www.noticiasdelparana.com.ar\/NuevaEdicion\/2026\/04\/26\/resistencia-tres-detenidos-tras-persecucion-enfrentamiento-y-agresion-a-efectivos-policiales\/","title":{"rendered":"RESISTENCIA:   Tres Detenidos Tras Persecuci\u00f3n, Enfrentamiento Y Agresi\u00f3n A Efectivos Policiales"},"content":{"rendered":"\n<p>El procedimiento se llev\u00f3 adelante el d\u00eda de hoy alrededor de las 13, cuando personal policial realizaba patrullajes de prevenci\u00f3n sobre avenida V\u00e9lez Sarsfield. En esas circunstancias, los agentes observaron a dos hombres que circulaban en una motocicleta Zanella de 110 cilindradas, color azul y sin dominio colocado, por lo que intentaron identificarlos.<\/p>\n\n\n\n<p>Al ver la presencia de los efectivos, los sospechosos exhibieron un arma de fuego y emprendieron la fuga, inici\u00e1ndose una persecuci\u00f3n inmediata por varias calles de la zona.<\/p>\n\n\n\n<p>La huida finaliz\u00f3 en la intersecci\u00f3n de avenida V\u00e9lez Sarsfield y calle Rissione, donde los ocupantes abandonaron el rodado e ingresaron a una vivienda. Ante la situaci\u00f3n de flagrancia, los efectivos ingresaron al inmueble y all\u00ed fueron recibidos por otros sujetos, quienes junto a los perseguidos opusieron resistencia, amenazando al personal con armas de fuego y armas blancas.<\/p>\n\n\n\n<p>Tras un forcejeo y utilizando la fuerza m\u00ednima indispensable, los agentes lograron reducir y detener a tres de los involucrados, mientras que un cuarto individuo logr\u00f3 escapar por los techos de viviendas lindantes.<\/p>\n\n\n\n<p>Como resultado del operativo fueron detenidos tres hombres de 35, 37 y 55 a\u00f1os. Adem\u00e1s, se secuestr\u00f3 la motocicleta utilizada en la fuga, dos tel\u00e9fonos celulares marca Motorola y un cuchillo de cocina.<\/p>\n\n\n\n<p>Durante el procedimiento resultaron lesionados dos personal policial quienes recibieron asistencia m\u00e9dica en el lugar por parte de una ambulancia y luego fueron dados de alta.<\/p>\n\n\n\n<p>Finalmente la Fiscal\u00eda interviniente dispuso la aprehensi\u00f3n de los detenidos en la causa por supuesta resistencia y atentado contra la autoridad y lesiones, se continua con las actuaciones correspondientes para lograr la captura del pr\u00f3fugo.<\/p>\n","protected":false},"excerpt":{"rendered":"<p>26-Abr-26 El procedimiento fue realizado por personal de Investigaciones tras una persecuci\u00f3n que termin\u00f3 en una vivienda de la zona sur. Dos efectivos resultaron lesionados.<\/p>\n","protected":false},"author":3,"featured_media":362774,"comment_status":"closed","ping_status":"closed","sticky":false,"template":"","format":"standard","meta":[],"categories":[103],"tags":[],"_links":{"self":[{"href":"https:\/\/www.noticiasdelparana.com.ar\/NuevaEdicion\/wp-json\/wp\/v2\/posts\/362773"}],"collection":[{"href":"https:\/\/www.noticiasdelparana.com.ar\/NuevaEdicion\/wp-json\/wp\/v2\/posts"}],"about":[{"href":"https:\/\/www.noticiasdelparana.com.ar\/NuevaEdicion\/wp-json\/wp\/v2\/types\/post"}],"author":[{"embeddable":true,"href":"https:\/\/www.noticiasdelparana.com.ar\/NuevaEdicion\/wp-json\/wp\/v2\/users\/3"}],"replies":[{"embeddable":true,"href":"https:\/\/www.noticiasdelparana.com.ar\/NuevaEdicion\/wp-json\/wp\/v2\/comments?post=362773"}],"version-history":[{"count":1,"href":"https:\/\/www.noticiasdelparana.com.ar\/NuevaEdicion\/wp-json\/wp\/v2\/posts\/362773\/revisions"}],"predecessor-version":[{"id":362775,"href":"https:\/\/www.noticiasdelparana.com.ar\/NuevaEdicion\/wp-json\/wp\/v2\/posts\/362773\/revisions\/362775"}],"wp:featuredmedia":[{"embeddable":true,"href":"https:\/\/www.noticiasdelparana.com.ar\/NuevaEdicion\/wp-json\/wp\/v2\/media\/362774"}],"wp:attachment":[{"href":"https:\/\/www.noticiasdelparana.com.ar\/NuevaEdicion\/wp-json\/wp\/v2\/media?parent=362773"}],"wp:term":[{"taxonomy":"category","embeddable":true,"href":"https:\/\/www.noticiasdelparana.com.ar\/NuevaEdicion\/wp-json\/wp\/v2\/categories?post=362773"},{"taxonomy":"post_tag","embeddable":true,"href":"https:\/\/www.noticiasdelparana.com.ar\/NuevaEdicion\/wp-json\/wp\/v2\/tags?post=362773"}],"curies":[{"name":"wp","href":"https:\/\/api.w.org\/{rel}","templated":true}]}}