{"id":362776,"date":"2026-04-26T17:04:31","date_gmt":"2026-04-26T20:04:31","guid":{"rendered":"http:\/\/www.noticiasdelparana.com.ar\/NuevaEdicion\/?p=362776"},"modified":"2026-04-26T17:04:33","modified_gmt":"2026-04-26T20:04:33","slug":"fontana-sameep-amplia-la-red-de-agua-potable-y-beneficia-a-mas-de-100-familias-en-el-barrio-camors","status":"publish","type":"post","link":"https:\/\/www.noticiasdelparana.com.ar\/NuevaEdicion\/2026\/04\/26\/fontana-sameep-amplia-la-red-de-agua-potable-y-beneficia-a-mas-de-100-familias-en-el-barrio-camors\/","title":{"rendered":"FONTANA: SAMEEP Ampl\u00eda La Red De Agua Potable Y Beneficia A M\u00e1s De 100 Familias En El Barrio Camors"},"content":{"rendered":"\n<p>Se trata de una intervenci\u00f3n clave que permitir\u00e1 mejorar significativamente el acceso al servicio y beneficiar de manera directa a m\u00e1s de 100 familias.<\/p>\n\n\n\n<p>El proyecto se desarrolla en el marco de un convenio entre el Gobierno provincial, a trav\u00e9s de la empresa, y el municipio de Fontana, con el objetivo de dar respuesta a demandas hist\u00f3ricas de los vecinos. La iniciativa fue impulsada por instrucciones del gobernador Leandro Zdero y cuenta con el acompa\u00f1amiento del presidente de Sameep, Nicol\u00e1s Diez, junto al intendente Fernando Cuadra.<\/p>\n\n\n\n<p>El vocal, Rub\u00e9n Custiniano, quien supervis\u00f3 los trabajos en el lugar junto al jefe comunal, destac\u00f3 la importancia de estas intervenciones: \u201cEstas obras son fundamentales para seguir ampliando derechos y garantizar el acceso al agua potable, un servicio esencial. Estamos trabajando de manera planificada para llegar a cada rinc\u00f3n de la provincia, priorizando comunidades que durante mucho tiempo no contaron con infraestructura adecuada\u201d.<\/p>\n\n\n\n<p>Adem\u00e1s, remarc\u00f3 el valor del trabajo articulado: \u201cLa coordinaci\u00f3n con los municipios permite brindar respuestas m\u00e1s r\u00e1pidas a las demandas de los vecinos, optimizando recursos y fortaleciendo la red de distribuci\u00f3n en sectores clave\u201d.<\/p>\n\n\n\n<p>La obra contempla la ampliaci\u00f3n del sistema de distribuci\u00f3n en la Chacra 49, lo que permitir\u00e1 a las familias contar con un servicio m\u00e1s eficiente, con mejores niveles de presi\u00f3n y caudal. Esta mejora impacta directamente en la calidad de vida, la salud y las condiciones de higiene de los habitantes.<\/p>\n\n\n\n<p>Desde SAMEEP subrayaron que estas acciones forman parte de una pol\u00edtica sostenida de fortalecimiento de la infraestructura b\u00e1sica en toda la provincia, priorizando sectores hist\u00f3ricamente postergados en el acceso al agua potable.<\/p>\n\n\n\n<p>Las voces de los vecinos<\/p>\n\n\n\n<p>Vecinos del barrio Camors expresaron su satisfacci\u00f3n por la concreci\u00f3n de la obra. Sandro Cuenca se\u00f1al\u00f3 que \u201cestas mejoras ayudan al progreso del barrio y benefician a todas las familias\u201d, mientras que Ram\u00f3n Gonz\u00e1lez destac\u00f3 que permitir\u00e1 optimizar la presi\u00f3n del servicio. Por su parte, Gisel Niveiro remarc\u00f3 que \u201ccontar con agua potable es fundamental para la higiene y la vida diaria\u201d, y Miguel Zurita manifest\u00f3 y que \u201choy est\u00e1n muy agradecidos con las autoridades\u201d.<\/p>\n","protected":false},"excerpt":{"rendered":"<p>26-Abr-26 La empresa Sameep avanza con importantes trabajos de infraestructura en la localidad de Fontana, donde ejecuta la extensi\u00f3n de m\u00e1s de 800 metros de red de agua potable en el barrio Camors.<\/p>\n","protected":false},"author":3,"featured_media":362777,"comment_status":"closed","ping_status":"closed","sticky":false,"template":"","format":"standard","meta":[],"categories":[98],"tags":[],"_links":{"self":[{"href":"https:\/\/www.noticiasdelparana.com.ar\/NuevaEdicion\/wp-json\/wp\/v2\/posts\/362776"}],"collection":[{"href":"https:\/\/www.noticiasdelparana.com.ar\/NuevaEdicion\/wp-json\/wp\/v2\/posts"}],"about":[{"href":"https:\/\/www.noticiasdelparana.com.ar\/NuevaEdicion\/wp-json\/wp\/v2\/types\/post"}],"author":[{"embeddable":true,"href":"https:\/\/www.noticiasdelparana.com.ar\/NuevaEdicion\/wp-json\/wp\/v2\/users\/3"}],"replies":[{"embeddable":true,"href":"https:\/\/www.noticiasdelparana.com.ar\/NuevaEdicion\/wp-json\/wp\/v2\/comments?post=362776"}],"version-history":[{"count":1,"href":"https:\/\/www.noticiasdelparana.com.ar\/NuevaEdicion\/wp-json\/wp\/v2\/posts\/362776\/revisions"}],"predecessor-version":[{"id":362778,"href":"https:\/\/www.noticiasdelparana.com.ar\/NuevaEdicion\/wp-json\/wp\/v2\/posts\/362776\/revisions\/362778"}],"wp:featuredmedia":[{"embeddable":true,"href":"https:\/\/www.noticiasdelparana.com.ar\/NuevaEdicion\/wp-json\/wp\/v2\/media\/362777"}],"wp:attachment":[{"href":"https:\/\/www.noticiasdelparana.com.ar\/NuevaEdicion\/wp-json\/wp\/v2\/media?parent=362776"}],"wp:term":[{"taxonomy":"category","embeddable":true,"href":"https:\/\/www.noticiasdelparana.com.ar\/NuevaEdicion\/wp-json\/wp\/v2\/categories?post=362776"},{"taxonomy":"post_tag","embeddable":true,"href":"https:\/\/www.noticiasdelparana.com.ar\/NuevaEdicion\/wp-json\/wp\/v2\/tags?post=362776"}],"curies":[{"name":"wp","href":"https:\/\/api.w.org\/{rel}","templated":true}]}}