{"id":362779,"date":"2026-04-26T17:07:19","date_gmt":"2026-04-26T20:07:19","guid":{"rendered":"http:\/\/www.noticiasdelparana.com.ar\/NuevaEdicion\/?p=362779"},"modified":"2026-04-26T17:07:22","modified_gmt":"2026-04-26T20:07:22","slug":"chaco-salud-en-territorio-inicio-el-operativo-cuerpo-y-alma-en-el-impenetrable","status":"publish","type":"post","link":"https:\/\/www.noticiasdelparana.com.ar\/NuevaEdicion\/2026\/04\/26\/chaco-salud-en-territorio-inicio-el-operativo-cuerpo-y-alma-en-el-impenetrable\/","title":{"rendered":"CHACO:   Salud En Territorio: Inici\u00f3 El Operativo \u201cCuerpo Y Alma\u201d En El Impenetrable"},"content":{"rendered":"\n<p>La iniciativa contempla la realizaci\u00f3n de cirug\u00edas, estudios y controles m\u00e9dicos en diversas especialidades, con el objetivo de acercar atenci\u00f3n integral a las comunidades de la regi\u00f3n. Participan m\u00e1s de 130 profesionales de la salud provenientes de Buenos Aires, quienes trabajan de manera conjunta con equipos locales.<\/p>\n\n\n\n<p>El ministro de Salud, Sergio Rodr\u00edguez, acompa\u00f1a estas jornadas y destac\u00f3 la importancia de fortalecer la presencia sanitaria en el territorio: \u201cEste tipo de operativos permiten garantizar el acceso a la salud en zonas donde muchas veces resulta m\u00e1s dif\u00edcil llegar, con una atenci\u00f3n integral y de calidad\u201d.<\/p>\n\n\n\n<p>Durante el operativo se brindan prestaciones en Medicina Cl\u00ednica, Neurolog\u00eda, Cardiolog\u00eda, Dermatolog\u00eda, Psiquiatr\u00eda, Psicolog\u00eda, Pediatr\u00eda, Odontolog\u00eda, Fonoaudiolog\u00eda, Ecograf\u00eda, Traumatolog\u00eda, Ginecolog\u00eda, entre otras especialidades, adem\u00e1s de la realizaci\u00f3n de m\u00faltiples estudios diagn\u00f3sticos.<\/p>\n\n\n\n<p>En este marco, tambi\u00e9n se concret\u00f3 la entrega de medicamentos e insumos necesarios para el desarrollo de las jornadas. La distribuci\u00f3n y recepci\u00f3n fueron coordinadas por el director de la Fundaci\u00f3n \u201cCuerpo y Alma\u201d, Jorge De All.<\/p>\n\n\n\n<p>Desde la cartera sanitaria destacaron que estas acciones forman parte de una pol\u00edtica de salud en territorio, que busca acercar servicios esenciales a las comunidades m\u00e1s alejadas, fortaleciendo el sistema y mejorando la calidad de vida de la poblaci\u00f3n.<\/p>\n","protected":false},"excerpt":{"rendered":"<p>26-Abr-26    El Ministerio de Salud del Chaco, en articulaci\u00f3n con la Fundaci\u00f3n \u201cCuerpo y Alma\u201d de Buenos Aires, dio inicio a un operativo sanitario intensivo en El Impenetrable, que se desarrolla en los hospitales de Miraflores y Juan Jos\u00e9 Castelli hasta el 1 de mayo, en el horario de 8 a 18.<\/p>\n","protected":false},"author":3,"featured_media":362780,"comment_status":"closed","ping_status":"closed","sticky":false,"template":"","format":"standard","meta":[],"categories":[98],"tags":[],"_links":{"self":[{"href":"https:\/\/www.noticiasdelparana.com.ar\/NuevaEdicion\/wp-json\/wp\/v2\/posts\/362779"}],"collection":[{"href":"https:\/\/www.noticiasdelparana.com.ar\/NuevaEdicion\/wp-json\/wp\/v2\/posts"}],"about":[{"href":"https:\/\/www.noticiasdelparana.com.ar\/NuevaEdicion\/wp-json\/wp\/v2\/types\/post"}],"author":[{"embeddable":true,"href":"https:\/\/www.noticiasdelparana.com.ar\/NuevaEdicion\/wp-json\/wp\/v2\/users\/3"}],"replies":[{"embeddable":true,"href":"https:\/\/www.noticiasdelparana.com.ar\/NuevaEdicion\/wp-json\/wp\/v2\/comments?post=362779"}],"version-history":[{"count":1,"href":"https:\/\/www.noticiasdelparana.com.ar\/NuevaEdicion\/wp-json\/wp\/v2\/posts\/362779\/revisions"}],"predecessor-version":[{"id":362781,"href":"https:\/\/www.noticiasdelparana.com.ar\/NuevaEdicion\/wp-json\/wp\/v2\/posts\/362779\/revisions\/362781"}],"wp:featuredmedia":[{"embeddable":true,"href":"https:\/\/www.noticiasdelparana.com.ar\/NuevaEdicion\/wp-json\/wp\/v2\/media\/362780"}],"wp:attachment":[{"href":"https:\/\/www.noticiasdelparana.com.ar\/NuevaEdicion\/wp-json\/wp\/v2\/media?parent=362779"}],"wp:term":[{"taxonomy":"category","embeddable":true,"href":"https:\/\/www.noticiasdelparana.com.ar\/NuevaEdicion\/wp-json\/wp\/v2\/categories?post=362779"},{"taxonomy":"post_tag","embeddable":true,"href":"https:\/\/www.noticiasdelparana.com.ar\/NuevaEdicion\/wp-json\/wp\/v2\/tags?post=362779"}],"curies":[{"name":"wp","href":"https:\/\/api.w.org\/{rel}","templated":true}]}}