{"id":362788,"date":"2026-04-26T20:06:13","date_gmt":"2026-04-26T23:06:13","guid":{"rendered":"http:\/\/www.noticiasdelparana.com.ar\/NuevaEdicion\/?p=362788"},"modified":"2026-04-26T20:06:32","modified_gmt":"2026-04-26T23:06:32","slug":"a-un-hombre-por-una-causa-de-amenazas-en-contexto-de-violencia-de-genero","status":"publish","type":"post","link":"https:\/\/www.noticiasdelparana.com.ar\/NuevaEdicion\/2026\/04\/26\/a-un-hombre-por-una-causa-de-amenazas-en-contexto-de-violencia-de-genero\/","title":{"rendered":"MARGARITA BELEN: Detuvieron A Un Hombre Por Una Causa De Amenazas En Contexto De Violencia De G\u00e9nero"},"content":{"rendered":"\n<p>Efectivos de la Comisar\u00eda de Margarita Bel\u00e9n detuvieron en la tarde de hoy a un hombre de 44 a\u00f1os que registraba pedido de aprehensi\u00f3n en una causa por supuestas amenazas en contexto de violencia de g\u00e9nero.<\/p>\n\n\n\n<p>El operativo se concret\u00f3 cerca de las 16 en el barrio Lapacho, cuando personal policial realizaba tareas investigativas vinculadas a una denuncia radicada el d\u00eda anterior por una mujer de 45 a\u00f1os.<\/p>\n\n\n\n<p>Durante el procedimiento, los agentes identificaron al ciudadano buscado y, al constatar que se encontraba una orden de aprehensi\u00f3n vigente, procedieron a su demora y posterior traslado hasta la dependencia policial, previo examen m\u00e9dico en el hospital local.<\/p>\n\n\n\n<p>Finalmente por disposici\u00f3n del Equipo Fiscal interviniente el detenido fue notificado de su aprehensi\u00f3n en la causa, adem\u00e1s de ordenarse su identificaci\u00f3n ante el Departamento de Antecedentes Personales.<\/p>\n","protected":false},"excerpt":{"rendered":"<p>26-Abr-26 El procedimiento fue realizado en el barrio Lapacho. El detenido fue trasladado a la comisar\u00eda local.<\/p>\n","protected":false},"author":3,"featured_media":362789,"comment_status":"closed","ping_status":"closed","sticky":false,"template":"","format":"standard","meta":[],"categories":[103],"tags":[],"_links":{"self":[{"href":"https:\/\/www.noticiasdelparana.com.ar\/NuevaEdicion\/wp-json\/wp\/v2\/posts\/362788"}],"collection":[{"href":"https:\/\/www.noticiasdelparana.com.ar\/NuevaEdicion\/wp-json\/wp\/v2\/posts"}],"about":[{"href":"https:\/\/www.noticiasdelparana.com.ar\/NuevaEdicion\/wp-json\/wp\/v2\/types\/post"}],"author":[{"embeddable":true,"href":"https:\/\/www.noticiasdelparana.com.ar\/NuevaEdicion\/wp-json\/wp\/v2\/users\/3"}],"replies":[{"embeddable":true,"href":"https:\/\/www.noticiasdelparana.com.ar\/NuevaEdicion\/wp-json\/wp\/v2\/comments?post=362788"}],"version-history":[{"count":2,"href":"https:\/\/www.noticiasdelparana.com.ar\/NuevaEdicion\/wp-json\/wp\/v2\/posts\/362788\/revisions"}],"predecessor-version":[{"id":362791,"href":"https:\/\/www.noticiasdelparana.com.ar\/NuevaEdicion\/wp-json\/wp\/v2\/posts\/362788\/revisions\/362791"}],"wp:featuredmedia":[{"embeddable":true,"href":"https:\/\/www.noticiasdelparana.com.ar\/NuevaEdicion\/wp-json\/wp\/v2\/media\/362789"}],"wp:attachment":[{"href":"https:\/\/www.noticiasdelparana.com.ar\/NuevaEdicion\/wp-json\/wp\/v2\/media?parent=362788"}],"wp:term":[{"taxonomy":"category","embeddable":true,"href":"https:\/\/www.noticiasdelparana.com.ar\/NuevaEdicion\/wp-json\/wp\/v2\/categories?post=362788"},{"taxonomy":"post_tag","embeddable":true,"href":"https:\/\/www.noticiasdelparana.com.ar\/NuevaEdicion\/wp-json\/wp\/v2\/tags?post=362788"}],"curies":[{"name":"wp","href":"https:\/\/api.w.org\/{rel}","templated":true}]}}