{"id":362803,"date":"2026-04-26T20:15:02","date_gmt":"2026-04-26T23:15:02","guid":{"rendered":"http:\/\/www.noticiasdelparana.com.ar\/NuevaEdicion\/?p=362803"},"modified":"2026-04-26T20:15:06","modified_gmt":"2026-04-26T23:15:06","slug":"chaco-capturaron-a-dos-sujetos-involucrados-en-seis-causas-por-supuestos-robos","status":"publish","type":"post","link":"https:\/\/www.noticiasdelparana.com.ar\/NuevaEdicion\/2026\/04\/26\/chaco-capturaron-a-dos-sujetos-involucrados-en-seis-causas-por-supuestos-robos\/","title":{"rendered":"CHACO: Capturaron A Dos Sujetos Involucrados En Seis Causas Por Supuestos Robos"},"content":{"rendered":"\n<p>La investigaci\u00f3n permiti\u00f3 esclarecer al menos seis hechos de robo ocurridos entre los meses de marzo y abril. Los hechos estar\u00edan vinculados a carnicer\u00edas, comercios de la zona y domicilios particulares, de donde sustrajeron dinero en efectivo, mercader\u00edas, electrodom\u00e9sticos e incluso un animal porcino.<\/p>\n\n\n\n<p>El personal de la Divisi\u00f3n Investigaciones Complejas de Villa \u00c1ngela se aboco al caso, realizando las tareas investigativas, el personal interviniente analiz\u00f3 minuciosamente material f\u00edlmico proveniente de c\u00e1maras de seguridad de los comercios damnificados, lo que permiti\u00f3 identificar a ambos sujetos, quienes contaban con antecedentes delictivos.<\/p>\n\n\n\n<p>La captura en Colonia El Pastoril<\/p>\n\n\n\n<p>Con la informaci\u00f3n obtenida, se iniciaron tareas de inteligencia que permitieron establecer que los sospechosos se encontraban ocultos en una zona boscosa de Colonia El Pastoril, en cercan\u00edas de la ex Ruta Nacional N\u00b0 95. Por tal motivo, se dirigieron al lugar.<\/p>\n\n\n\n<p>Al advertir la presencia policial, los sujetos intentaron darse a la fuga hacia el monte, pero fueron r\u00e1pidamente alcanzados gracias a un dispositivo cerrojo diagramado por los investigadores.<\/p>\n\n\n\n<p>En poder de los detenidos se procedi\u00f3 al secuestro de elementos vinculados a una de las causas, consistentes en (04) mochilas, (02) pares de alpargatas nuevas y cartucheras, elementos que formar\u00edan parte del bot\u00edn denunciado recientemente.<\/p>\n\n\n\n<p>La magistratura interviniente dispuso que ambos sujetos sean notificados de su aprehensi\u00f3n en las seis causas de \u201cSupuesto Robo\u201d que se les imputan de manera simult\u00e1nea.<\/p>\n","protected":false},"excerpt":{"rendered":"<p>26-Abr-26 Intervino personal de la Divisi\u00f3n Investigaciones Complejas de Villa \u00c1ngela. La detenci\u00f3n se concret\u00f3 mediante un operativo cerrojo en zona rural de Colonia El Pastoril.<\/p>\n","protected":false},"author":3,"featured_media":362804,"comment_status":"closed","ping_status":"closed","sticky":false,"template":"","format":"standard","meta":[],"categories":[103],"tags":[],"_links":{"self":[{"href":"https:\/\/www.noticiasdelparana.com.ar\/NuevaEdicion\/wp-json\/wp\/v2\/posts\/362803"}],"collection":[{"href":"https:\/\/www.noticiasdelparana.com.ar\/NuevaEdicion\/wp-json\/wp\/v2\/posts"}],"about":[{"href":"https:\/\/www.noticiasdelparana.com.ar\/NuevaEdicion\/wp-json\/wp\/v2\/types\/post"}],"author":[{"embeddable":true,"href":"https:\/\/www.noticiasdelparana.com.ar\/NuevaEdicion\/wp-json\/wp\/v2\/users\/3"}],"replies":[{"embeddable":true,"href":"https:\/\/www.noticiasdelparana.com.ar\/NuevaEdicion\/wp-json\/wp\/v2\/comments?post=362803"}],"version-history":[{"count":1,"href":"https:\/\/www.noticiasdelparana.com.ar\/NuevaEdicion\/wp-json\/wp\/v2\/posts\/362803\/revisions"}],"predecessor-version":[{"id":362805,"href":"https:\/\/www.noticiasdelparana.com.ar\/NuevaEdicion\/wp-json\/wp\/v2\/posts\/362803\/revisions\/362805"}],"wp:featuredmedia":[{"embeddable":true,"href":"https:\/\/www.noticiasdelparana.com.ar\/NuevaEdicion\/wp-json\/wp\/v2\/media\/362804"}],"wp:attachment":[{"href":"https:\/\/www.noticiasdelparana.com.ar\/NuevaEdicion\/wp-json\/wp\/v2\/media?parent=362803"}],"wp:term":[{"taxonomy":"category","embeddable":true,"href":"https:\/\/www.noticiasdelparana.com.ar\/NuevaEdicion\/wp-json\/wp\/v2\/categories?post=362803"},{"taxonomy":"post_tag","embeddable":true,"href":"https:\/\/www.noticiasdelparana.com.ar\/NuevaEdicion\/wp-json\/wp\/v2\/tags?post=362803"}],"curies":[{"name":"wp","href":"https:\/\/api.w.org\/{rel}","templated":true}]}}