{"id":362806,"date":"2026-04-26T20:16:30","date_gmt":"2026-04-26T23:16:30","guid":{"rendered":"http:\/\/www.noticiasdelparana.com.ar\/NuevaEdicion\/?p=362806"},"modified":"2026-04-26T20:16:35","modified_gmt":"2026-04-26T23:16:35","slug":"chaco-allanamientos-por-amenazas-en-establecimiento-escolar-terminaron-con-el-secuestro-de-armas-municiones-y-motocicletas-robadas","status":"publish","type":"post","link":"https:\/\/www.noticiasdelparana.com.ar\/NuevaEdicion\/2026\/04\/26\/chaco-allanamientos-por-amenazas-en-establecimiento-escolar-terminaron-con-el-secuestro-de-armas-municiones-y-motocicletas-robadas\/","title":{"rendered":"CHACO: Allanamientos Por Amenazas En Establecimiento Escolar Terminaron Con El Secuestro De Armas, Municiones Y Motocicletas Robadas"},"content":{"rendered":"\n<p>En un operativo conjunto entre la Divisi\u00f3n Investigaciones de General San Mart\u00edn y el Departamento Cibercrimen, se desarticul\u00f3 una causa por amenazas iniciada en la E.E.S. N\u00b0 78 de Pampa del Indio.<\/p>\n\n\n\n<p>La investigaci\u00f3n se origin\u00f3 a partir de la denuncia presentada por la directora del establecimiento, tras detectarse la difusi\u00f3n de amenazas mediante la red social Instagram, en las que se hac\u00eda referencia a armas de fuego. Ante esta situaci\u00f3n, intervino personal de Cibercrimen, que logr\u00f3 rastrear las cuentas desde las cuales se emitieron los mensajes, identificando a dos menores de 17 a\u00f1os.<\/p>\n\n\n\n<p>Resultados de los allanamientos<\/p>\n\n\n\n<p>Este domingo, alrededor de las 14:00 horas, el personal de Divisi\u00f3n Investigaciones de General San Mart\u00edn llev\u00f3 adelante allanamientos en dos domicilios del barrio Santa Teresita, lugar donde personal del Departamento Cibercrimen logr\u00f3 rastreo las cuentas.<\/p>\n\n\n\n<p>En el primer domicilio, donde fue atendido el menor investigado junto a sus progenitores, se procedi\u00f3 al secuestro de dos armas de fabricaci\u00f3n casera (\u201ctumberas\u201d) y cartuchos calibres 28 y 32. Asimismo, se secuestr\u00f3 una motocicleta 110 cc con el n\u00famero de chasis limado y motor correspondiente a otro rodado, evidenciando irregularidades adicionales.<\/p>\n\n\n\n<p>En el segundo domicilio, perteneciente a la joven involucrada, quien se encontraba junto a su madre, se hallaron cartuchos calibre 38. Posteriormente, se procedi\u00f3 al secuestro de tres tel\u00e9fonos celulares, los cuales ser\u00e1n peritados por el Gabinete Cient\u00edfico a fin de determinar el origen de las amenazas.<\/p>\n\n\n\n<p>Intervenci\u00f3n de menores<\/p>\n\n\n\n<p>Dada la edad de los involucrados, intervino el Juzgado de Ni\u00f1ez, Adolescencia y Familia. La magistratura dispuso que ambos j\u00f3venes permanezcan bajo la guarda de sus progenitores, mientras avanza la causa judicial por \u201cSupuesta Intimidaci\u00f3n P\u00fablica, Incitaci\u00f3n a la Violencia Colectiva y Tenencia de Arma de Guerra\u201d.<\/p>\n","protected":false},"excerpt":{"rendered":"<p>26-Abr-26 Especialistas en delitos inform\u00e1ticos lograron rastrear las cuentas involucradas y establecer la identidad de los presuntos responsables, quienes ser\u00edan un alumno y una alumna del mismo establecimiento educativo, ambos de 17 a\u00f1os.<\/p>\n","protected":false},"author":3,"featured_media":362807,"comment_status":"closed","ping_status":"closed","sticky":false,"template":"","format":"standard","meta":[],"categories":[103],"tags":[],"_links":{"self":[{"href":"https:\/\/www.noticiasdelparana.com.ar\/NuevaEdicion\/wp-json\/wp\/v2\/posts\/362806"}],"collection":[{"href":"https:\/\/www.noticiasdelparana.com.ar\/NuevaEdicion\/wp-json\/wp\/v2\/posts"}],"about":[{"href":"https:\/\/www.noticiasdelparana.com.ar\/NuevaEdicion\/wp-json\/wp\/v2\/types\/post"}],"author":[{"embeddable":true,"href":"https:\/\/www.noticiasdelparana.com.ar\/NuevaEdicion\/wp-json\/wp\/v2\/users\/3"}],"replies":[{"embeddable":true,"href":"https:\/\/www.noticiasdelparana.com.ar\/NuevaEdicion\/wp-json\/wp\/v2\/comments?post=362806"}],"version-history":[{"count":1,"href":"https:\/\/www.noticiasdelparana.com.ar\/NuevaEdicion\/wp-json\/wp\/v2\/posts\/362806\/revisions"}],"predecessor-version":[{"id":362808,"href":"https:\/\/www.noticiasdelparana.com.ar\/NuevaEdicion\/wp-json\/wp\/v2\/posts\/362806\/revisions\/362808"}],"wp:featuredmedia":[{"embeddable":true,"href":"https:\/\/www.noticiasdelparana.com.ar\/NuevaEdicion\/wp-json\/wp\/v2\/media\/362807"}],"wp:attachment":[{"href":"https:\/\/www.noticiasdelparana.com.ar\/NuevaEdicion\/wp-json\/wp\/v2\/media?parent=362806"}],"wp:term":[{"taxonomy":"category","embeddable":true,"href":"https:\/\/www.noticiasdelparana.com.ar\/NuevaEdicion\/wp-json\/wp\/v2\/categories?post=362806"},{"taxonomy":"post_tag","embeddable":true,"href":"https:\/\/www.noticiasdelparana.com.ar\/NuevaEdicion\/wp-json\/wp\/v2\/tags?post=362806"}],"curies":[{"name":"wp","href":"https:\/\/api.w.org\/{rel}","templated":true}]}}