{"id":362809,"date":"2026-04-26T20:18:19","date_gmt":"2026-04-26T23:18:19","guid":{"rendered":"http:\/\/www.noticiasdelparana.com.ar\/NuevaEdicion\/?p=362809"},"modified":"2026-04-26T20:18:22","modified_gmt":"2026-04-26T23:18:22","slug":"resistencia-encuentro-con-comunidades-originarias-en-la-ciudad","status":"publish","type":"post","link":"https:\/\/www.noticiasdelparana.com.ar\/NuevaEdicion\/2026\/04\/26\/resistencia-encuentro-con-comunidades-originarias-en-la-ciudad\/","title":{"rendered":"RESISTENCIA: Encuentro Con Comunidades Originarias En La Ciudad"},"content":{"rendered":"\n<p>Durante la reuni\u00f3n, vecinos y representantes de comunidades originarias participaron activamente en un espacio de escucha y di\u00e1logo, en el que se abordaron consultas vinculadas a los tr\u00e1mites en el Cementerio San Francisco Solano. Entre los temas tratados, se destac\u00f3 la inquietud sobre la posibilidad de contar con un espacio espec\u00edfico de descanso final para personas pertenecientes a pueblos ind\u00edgenas, como parte de un reconocimiento a su identidad y tradiciones.<\/p>\n\n\n\n<p>La Municipalidad reafirma su compromiso de escuchar a todos los sectores de la sociedad, promoviendo instancias de participaci\u00f3n que fortalezcan la inclusi\u00f3n y el respeto por la diversidad cultural.<\/p>\n","protected":false},"excerpt":{"rendered":"<p>26-Abr-26 La Municipalidad de Resistencia informa que el pasado viernes 24 de abril se llev\u00f3 a cabo una charla informativa en el Sal\u00f3n Comunitario del barrio MAPIC, organizada por la Oficina Municipal de Asuntos Ind\u00edgenas junto a la Secretar\u00eda de Obras y Servicios.<\/p>\n","protected":false},"author":3,"featured_media":362810,"comment_status":"closed","ping_status":"closed","sticky":false,"template":"","format":"standard","meta":[],"categories":[102],"tags":[],"_links":{"self":[{"href":"https:\/\/www.noticiasdelparana.com.ar\/NuevaEdicion\/wp-json\/wp\/v2\/posts\/362809"}],"collection":[{"href":"https:\/\/www.noticiasdelparana.com.ar\/NuevaEdicion\/wp-json\/wp\/v2\/posts"}],"about":[{"href":"https:\/\/www.noticiasdelparana.com.ar\/NuevaEdicion\/wp-json\/wp\/v2\/types\/post"}],"author":[{"embeddable":true,"href":"https:\/\/www.noticiasdelparana.com.ar\/NuevaEdicion\/wp-json\/wp\/v2\/users\/3"}],"replies":[{"embeddable":true,"href":"https:\/\/www.noticiasdelparana.com.ar\/NuevaEdicion\/wp-json\/wp\/v2\/comments?post=362809"}],"version-history":[{"count":1,"href":"https:\/\/www.noticiasdelparana.com.ar\/NuevaEdicion\/wp-json\/wp\/v2\/posts\/362809\/revisions"}],"predecessor-version":[{"id":362811,"href":"https:\/\/www.noticiasdelparana.com.ar\/NuevaEdicion\/wp-json\/wp\/v2\/posts\/362809\/revisions\/362811"}],"wp:featuredmedia":[{"embeddable":true,"href":"https:\/\/www.noticiasdelparana.com.ar\/NuevaEdicion\/wp-json\/wp\/v2\/media\/362810"}],"wp:attachment":[{"href":"https:\/\/www.noticiasdelparana.com.ar\/NuevaEdicion\/wp-json\/wp\/v2\/media?parent=362809"}],"wp:term":[{"taxonomy":"category","embeddable":true,"href":"https:\/\/www.noticiasdelparana.com.ar\/NuevaEdicion\/wp-json\/wp\/v2\/categories?post=362809"},{"taxonomy":"post_tag","embeddable":true,"href":"https:\/\/www.noticiasdelparana.com.ar\/NuevaEdicion\/wp-json\/wp\/v2\/tags?post=362809"}],"curies":[{"name":"wp","href":"https:\/\/api.w.org\/{rel}","templated":true}]}}