{"id":363074,"date":"2026-04-28T09:17:38","date_gmt":"2026-04-28T12:17:38","guid":{"rendered":"http:\/\/www.noticiasdelparana.com.ar\/NuevaEdicion\/?p=363074"},"modified":"2026-04-28T11:55:47","modified_gmt":"2026-04-28T14:55:47","slug":"la-efa-luz-argentina-invitados-especiales-en-la-gala-de-los-premios-chucaro-en-salta","status":"publish","type":"post","link":"https:\/\/www.noticiasdelparana.com.ar\/NuevaEdicion\/2026\/04\/28\/la-efa-luz-argentina-invitados-especiales-en-la-gala-de-los-premios-chucaro-en-salta\/","title":{"rendered":"BARRANQUERAS: La EFA Luz Argentina Invitados Especiales  En La Gala De Los Premios Ch\u00facaro En Salta"},"content":{"rendered":"\n<p>La confirmaci\u00f3n fue dada por la directiva de la instituci\u00f3n, Celeste Pared, quien expres\u00f3 su entusiasmo por esta nueva oportunidad: \u201cEstamos muy contentos. Junto al profesor Javier fuimos invitados por la organizaci\u00f3n de los Premios Ch\u00facaro, que reconocen a la danza argentina y se realizan todos los a\u00f1os\u201d.<\/p>\n\n\n\n<p><a href=\"https:\/\/www.youtube.com\/shorts\/TWVkaZ0xoIM?feature=share\">https:\/\/www.youtube.com\/shorts\/TWVkaZ0xoIM?feature=share<\/a><\/p>\n\n\n\n<p>La participaci\u00f3n tiene un valor especial para la delegaci\u00f3n chaque\u00f1a, integrada por la profesora Celeste Pared y el profesor Javier Romero,  ya que la escuela fue distinguida en 2022 como mejor pareja de danza a nivel nacional. En esta ocasi\u00f3n, no solo asistir\u00e1n como invitados, sino que adem\u00e1s formar\u00e1n parte del espect\u00e1culo central, compartiendo escenario con destacados artistas de todo el pa\u00eds.<\/p>\n\n\n\n<p>\u201cEs una alegr\u00eda volver a ser parte de esta gala, pero ahora desde otro lugar. Vamos a poder mostrar un poco de nuestra regi\u00f3n, de la danza chaque\u00f1a, y eso nos llena de orgullo\u201d, se\u00f1al\u00f3 Pared, destacando tambi\u00e9n la posibilidad de compartir con colegas y referentes de gran trayectoria.<\/p>\n\n\n\n<p>La gala de premiaci\u00f3n correspondiente a los ganadores del a\u00f1o 2025 contar\u00e1 con transmisi\u00f3n para todo el pa\u00eds, a trav\u00e9s de plataformas digitales y posiblemente por la TV P\u00fablica, lo que permitir\u00e1 visibilizar el trabajo art\u00edstico de la regi\u00f3n.<\/p>\n\n\n\n<p>Desde la instituci\u00f3n agradecieron a la organizaci\u00f3n por la invitaci\u00f3n y remarcaron la importancia de estos espacios para difundir la cultura local a nivel nacional.<\/p>\n\n\n\n<p>De esta manera, Luz Argentina volver\u00e1 a llevar el talento chaque\u00f1o a un escenario de relevancia, consolidando su trayectoria y  el valor de la danza como expresi\u00f3n de identidad cultural.<\/p>\n","protected":false},"excerpt":{"rendered":"<p>28-Abr-26 La Escuela de Formaci\u00f3n Art\u00edstica Luz Argentina, de Barranqueras, fue invitada a participar de la prestigiosa gala de los Premios Ch\u00facaro, que este a\u00f1o se realizar\u00e1 en la provincia de Salta.<\/p>\n","protected":false},"author":3,"featured_media":363085,"comment_status":"closed","ping_status":"closed","sticky":false,"template":"","format":"standard","meta":[],"categories":[99,108],"tags":[],"_links":{"self":[{"href":"https:\/\/www.noticiasdelparana.com.ar\/NuevaEdicion\/wp-json\/wp\/v2\/posts\/363074"}],"collection":[{"href":"https:\/\/www.noticiasdelparana.com.ar\/NuevaEdicion\/wp-json\/wp\/v2\/posts"}],"about":[{"href":"https:\/\/www.noticiasdelparana.com.ar\/NuevaEdicion\/wp-json\/wp\/v2\/types\/post"}],"author":[{"embeddable":true,"href":"https:\/\/www.noticiasdelparana.com.ar\/NuevaEdicion\/wp-json\/wp\/v2\/users\/3"}],"replies":[{"embeddable":true,"href":"https:\/\/www.noticiasdelparana.com.ar\/NuevaEdicion\/wp-json\/wp\/v2\/comments?post=363074"}],"version-history":[{"count":3,"href":"https:\/\/www.noticiasdelparana.com.ar\/NuevaEdicion\/wp-json\/wp\/v2\/posts\/363074\/revisions"}],"predecessor-version":[{"id":363104,"href":"https:\/\/www.noticiasdelparana.com.ar\/NuevaEdicion\/wp-json\/wp\/v2\/posts\/363074\/revisions\/363104"}],"wp:featuredmedia":[{"embeddable":true,"href":"https:\/\/www.noticiasdelparana.com.ar\/NuevaEdicion\/wp-json\/wp\/v2\/media\/363085"}],"wp:attachment":[{"href":"https:\/\/www.noticiasdelparana.com.ar\/NuevaEdicion\/wp-json\/wp\/v2\/media?parent=363074"}],"wp:term":[{"taxonomy":"category","embeddable":true,"href":"https:\/\/www.noticiasdelparana.com.ar\/NuevaEdicion\/wp-json\/wp\/v2\/categories?post=363074"},{"taxonomy":"post_tag","embeddable":true,"href":"https:\/\/www.noticiasdelparana.com.ar\/NuevaEdicion\/wp-json\/wp\/v2\/tags?post=363074"}],"curies":[{"name":"wp","href":"https:\/\/api.w.org\/{rel}","templated":true}]}}