{"id":363087,"date":"2026-04-28T09:43:15","date_gmt":"2026-04-28T12:43:15","guid":{"rendered":"http:\/\/www.noticiasdelparana.com.ar\/NuevaEdicion\/?p=363087"},"modified":"2026-04-28T09:43:16","modified_gmt":"2026-04-28T12:43:16","slug":"chaco-educacion-continua-con-la-capacitacion-aprendo-leyendo-para-fortalecer-la-lectura-en-el-primer-ciclo","status":"publish","type":"post","link":"https:\/\/www.noticiasdelparana.com.ar\/NuevaEdicion\/2026\/04\/28\/chaco-educacion-continua-con-la-capacitacion-aprendo-leyendo-para-fortalecer-la-lectura-en-el-primer-ciclo\/","title":{"rendered":"CHACO: Educaci\u00f3n Contin\u00faa Con La Capacitaci\u00f3n \u201cAprendo Leyendo\u201d Para Fortalecer La Lectura En El Primer Ciclo"},"content":{"rendered":"\n<p>&nbsp;La propuesta est\u00e1 destinada a docentes del primer ciclo del nivel Primario y cuenta con la participaci\u00f3n de alrededor de 7.000 educadores de unas 1.000 instituciones de toda la provincia.<\/p>\n\n\n\n<p>El director de Educaci\u00f3n Superior, Luis Monz\u00f3n, destac\u00f3 ayer que el programa no solo apunta a la formaci\u00f3n docente, sino tambi\u00e9n a un acompa\u00f1amiento permanente en las aulas. En ese sentido, se\u00f1al\u00f3 que el equipo de Intelexia, encargado del dictado del trayecto, visit\u00f3 recientemente la provincia para relevar el nivel de lectura y escritura de los estudiantes.<\/p>\n\n\n\n<p>Monz\u00f3n subray\u00f3 adem\u00e1s el impacto directo de esta pol\u00edtica en el aula: \u201cLos docentes que se est\u00e1n capacitando est\u00e1n frente a alumnos de primero, segundo y tercer grado, por lo que las transformaciones que buscamos se producen en el proceso de ense\u00f1anza diaria\u201d.<\/p>\n\n\n\n<p>Por su parte, la ministra de Educaci\u00f3n, Sof\u00eda Naidenoff, remarc\u00f3 los avances registrados a partir de la implementaci\u00f3n del programa. Explic\u00f3 que el enfoque pedag\u00f3gico trabaja sobre la conciencia fonol\u00f3gica, el \u0573\u0561\u0576\u0561\u0579imiento de las letras, la fluidez lectora y la comprensi\u00f3n de textos. Adem\u00e1s, record\u00f3 que se distribuyeron m\u00e1s de 300 mil libros, materiales did\u00e1cticos y gu\u00edas para docentes.<\/p>\n\n\n\n<p>La funcionaria indic\u00f3 que, seg\u00fan evaluaciones externas, se evidencian mejoras en los niveles de lectura y comprensi\u00f3n en estudiantes del primer ciclo, y valor\u00f3 el compromiso docente: \u201cEs muy importante poder hacer seguimiento y evaluaci\u00f3n para saber d\u00f3nde estamos parados y c\u00f3mo seguir mejorando\u201d.<\/p>\n\n\n\n<p>En la misma l\u00ednea, la directora de Nivel Primario, Natalia Hauptmann, sostuvo que esta formaci\u00f3n fortalece el compromiso asumido por la gesti\u00f3n en materia de alfabetizaci\u00f3n. \u201cEstamos muy conformes con el alcance de la convocatoria, que involucra a m\u00e1s de 7.000 docentes trabajando para mejorar los desempe\u00f1os en el nivel Primario\u201d, expres\u00f3.<\/p>\n\n\n\n<p>A su turno, la capacitadora de Intelexia, Florencia Aguilar, afirm\u00f3 que el objetivo central del programa es lograr que los estudiantes comprendan lo que leen. \u201cEn 2026 buscamos sostener el trabajo realizado el a\u00f1o pasado y aprovechar al m\u00e1ximo esta oportunidad para potenciar los resultados\u201d, se\u00f1al\u00f3.<\/p>\n\n\n\n<p>La jornada cont\u00f3 tambi\u00e9n con la participaci\u00f3n de la coordinadora del Plan Provincial de Alfabetizaci\u00f3n, Alba Granada, y el compromiso del Gobierno provincial con la mejora de la calidad educativa desde los primeros a\u00f1os de escolaridad.<\/p>\n","protected":false},"excerpt":{"rendered":"<p>28-Abr-26 El Ministerio de Educaci\u00f3n llev\u00f3 adelante la segunda capacitaci\u00f3n sincr\u00f3nica virtual del programa \u201cAprendo Leyendo\u201d, en el marco del Programa de Formaci\u00f3n Docente Continua Red Aprende.<\/p>\n","protected":false},"author":4,"featured_media":363088,"comment_status":"closed","ping_status":"closed","sticky":false,"template":"","format":"standard","meta":[],"categories":[98],"tags":[],"_links":{"self":[{"href":"https:\/\/www.noticiasdelparana.com.ar\/NuevaEdicion\/wp-json\/wp\/v2\/posts\/363087"}],"collection":[{"href":"https:\/\/www.noticiasdelparana.com.ar\/NuevaEdicion\/wp-json\/wp\/v2\/posts"}],"about":[{"href":"https:\/\/www.noticiasdelparana.com.ar\/NuevaEdicion\/wp-json\/wp\/v2\/types\/post"}],"author":[{"embeddable":true,"href":"https:\/\/www.noticiasdelparana.com.ar\/NuevaEdicion\/wp-json\/wp\/v2\/users\/4"}],"replies":[{"embeddable":true,"href":"https:\/\/www.noticiasdelparana.com.ar\/NuevaEdicion\/wp-json\/wp\/v2\/comments?post=363087"}],"version-history":[{"count":1,"href":"https:\/\/www.noticiasdelparana.com.ar\/NuevaEdicion\/wp-json\/wp\/v2\/posts\/363087\/revisions"}],"predecessor-version":[{"id":363089,"href":"https:\/\/www.noticiasdelparana.com.ar\/NuevaEdicion\/wp-json\/wp\/v2\/posts\/363087\/revisions\/363089"}],"wp:featuredmedia":[{"embeddable":true,"href":"https:\/\/www.noticiasdelparana.com.ar\/NuevaEdicion\/wp-json\/wp\/v2\/media\/363088"}],"wp:attachment":[{"href":"https:\/\/www.noticiasdelparana.com.ar\/NuevaEdicion\/wp-json\/wp\/v2\/media?parent=363087"}],"wp:term":[{"taxonomy":"category","embeddable":true,"href":"https:\/\/www.noticiasdelparana.com.ar\/NuevaEdicion\/wp-json\/wp\/v2\/categories?post=363087"},{"taxonomy":"post_tag","embeddable":true,"href":"https:\/\/www.noticiasdelparana.com.ar\/NuevaEdicion\/wp-json\/wp\/v2\/tags?post=363087"}],"curies":[{"name":"wp","href":"https:\/\/api.w.org\/{rel}","templated":true}]}}