{"id":363232,"date":"2026-04-29T07:02:43","date_gmt":"2026-04-29T10:02:43","guid":{"rendered":"http:\/\/www.noticiasdelparana.com.ar\/NuevaEdicion\/?p=363232"},"modified":"2026-04-29T07:02:48","modified_gmt":"2026-04-29T10:02:48","slug":"chaco-allanaron-una-vivienda-y-secuestraron-elementos-informaticos-vinculados-a-la-distribucion-de-material-de-delitos-contra-la-ninez","status":"publish","type":"post","link":"https:\/\/www.noticiasdelparana.com.ar\/NuevaEdicion\/2026\/04\/29\/chaco-allanaron-una-vivienda-y-secuestraron-elementos-informaticos-vinculados-a-la-distribucion-de-material-de-delitos-contra-la-ninez\/","title":{"rendered":"CHACO:    Allanaron Una Vivienda Y Secuestraron Elementos Inform\u00e1ticos Vinculados A La Distribuci\u00f3n De Material De Delitos Contra La Ni\u00f1ez"},"content":{"rendered":"\n<p>La operaci\u00f3n internacional \u201cAliados por la Infancia VI\u201d investiga los hechos de explotaci\u00f3n sexual infantil con fines de distribuci\u00f3n, con la informaci\u00f3n recabada se realizaron m\u00faltiples allanamientos en el pa\u00eds, y en nuestra provincia el Departamento Cibercrimen de la llev\u00f3 adelante un allanamiento en la ciudad de S\u00e1enz Pe\u00f1a, como parte de una investigaci\u00f3n vinculada a la distribuci\u00f3n de material a trav\u00e9s de plataformas digitales.<\/p>\n\n\n\n<p>El procedimiento se realiz\u00f3 ayer por la madrugada, con intervenci\u00f3n judicial y coordinaci\u00f3n simult\u00e1nea en distintas jurisdicciones provinciales y nacionales. La comitiva policial trabaj\u00f3 junto a divisiones investigativas de S\u00e1enz Pe\u00f1a y Villa \u00c1ngela, adem\u00e1s de autoridades del Equipo Fiscal N\u00b01 de la localidad.<\/p>\n\n\n\n<p>El mandamiento judicial se concret\u00f3 en una vivienda ubicada por la calle Corrientes al 100 aproximadamente, donde se desplegaron tareas especializadas de an\u00e1lisis forense inform\u00e1tico y preservaci\u00f3n de evidencia digital. Durante el operativo se secuestr\u00f3 un tel\u00e9fono celular y diversos elementos inform\u00e1ticos, entre ellos gabinetes de computadoras, una placa madre y un dispositivo de almacenamiento USB.<\/p>\n\n\n\n<p>Los dispositivos fueron resguardados bajo cadena de custodia y puestos a disposici\u00f3n de la fiscal\u00eda interviniente para las pericias correspondientes.<\/p>\n\n\n\n<p>Las diligencias judiciales contin\u00faan para determinar responsabilidades y profundizar el an\u00e1lisis del material secuestrado.<\/p>\n","protected":false},"excerpt":{"rendered":"<p>29-Abr-26 Se llev\u00f3 a cabo en S\u00e1enz Pe\u00f1a en el marco de un mega operativo internacional denominado &#8220;Aliados por la Infancia VI&#8221;.<\/p>\n","protected":false},"author":3,"featured_media":363233,"comment_status":"closed","ping_status":"closed","sticky":false,"template":"","format":"standard","meta":[],"categories":[103],"tags":[],"_links":{"self":[{"href":"https:\/\/www.noticiasdelparana.com.ar\/NuevaEdicion\/wp-json\/wp\/v2\/posts\/363232"}],"collection":[{"href":"https:\/\/www.noticiasdelparana.com.ar\/NuevaEdicion\/wp-json\/wp\/v2\/posts"}],"about":[{"href":"https:\/\/www.noticiasdelparana.com.ar\/NuevaEdicion\/wp-json\/wp\/v2\/types\/post"}],"author":[{"embeddable":true,"href":"https:\/\/www.noticiasdelparana.com.ar\/NuevaEdicion\/wp-json\/wp\/v2\/users\/3"}],"replies":[{"embeddable":true,"href":"https:\/\/www.noticiasdelparana.com.ar\/NuevaEdicion\/wp-json\/wp\/v2\/comments?post=363232"}],"version-history":[{"count":1,"href":"https:\/\/www.noticiasdelparana.com.ar\/NuevaEdicion\/wp-json\/wp\/v2\/posts\/363232\/revisions"}],"predecessor-version":[{"id":363234,"href":"https:\/\/www.noticiasdelparana.com.ar\/NuevaEdicion\/wp-json\/wp\/v2\/posts\/363232\/revisions\/363234"}],"wp:featuredmedia":[{"embeddable":true,"href":"https:\/\/www.noticiasdelparana.com.ar\/NuevaEdicion\/wp-json\/wp\/v2\/media\/363233"}],"wp:attachment":[{"href":"https:\/\/www.noticiasdelparana.com.ar\/NuevaEdicion\/wp-json\/wp\/v2\/media?parent=363232"}],"wp:term":[{"taxonomy":"category","embeddable":true,"href":"https:\/\/www.noticiasdelparana.com.ar\/NuevaEdicion\/wp-json\/wp\/v2\/categories?post=363232"},{"taxonomy":"post_tag","embeddable":true,"href":"https:\/\/www.noticiasdelparana.com.ar\/NuevaEdicion\/wp-json\/wp\/v2\/tags?post=363232"}],"curies":[{"name":"wp","href":"https:\/\/api.w.org\/{rel}","templated":true}]}}