{"id":363236,"date":"2026-04-29T07:05:23","date_gmt":"2026-04-29T10:05:23","guid":{"rendered":"http:\/\/www.noticiasdelparana.com.ar\/NuevaEdicion\/?p=363236"},"modified":"2026-04-29T07:05:30","modified_gmt":"2026-04-29T10:05:30","slug":"chaco-cazadores-descubiertos-con-armas-y-un-guazuncho","status":"publish","type":"post","link":"https:\/\/www.noticiasdelparana.com.ar\/NuevaEdicion\/2026\/04\/29\/chaco-cazadores-descubiertos-con-armas-y-un-guazuncho\/","title":{"rendered":"CHACO:  Cazadores Descubiertos Con Armas Y Un Guazuncho"},"content":{"rendered":"\n<p>En el marco de operativos de prevenci\u00f3n de il\u00edcitos e infracciones a las leyes, los agentes de la Secci\u00f3n Rural Campo Varela realizaron patrullajes por caminos vecinales de la zona y emplazamientos de control vehicular.<\/p>\n\n\n\n<p>Alrededor de las 2 de la madrugada demoraron a dos hombres que viajaban en una motocicleta. A simple vista llevaban armas y un animal sin vida. Ninguno pose\u00eda autorizaci\u00f3n para la pr\u00e1ctica de caza ni tampoco documentaciones para portar armas.<\/p>\n\n\n\n<p>Por ello procedieron al secuestro de una escopeta calibre 12, y una carabina calibre 22 con mira telesc\u00f3pica, cartuchos, cuchillos, linternas y un animal de la especie guazuncho.<\/p>\n\n\n\n<p>Finalmente fue notificado por Infracci\u00f3n al Art\u00edculo 189\u00b0 Bis del C\u00f3digo Penal Argentino y por Infracci\u00f3n a la Ley de Caza.<\/p>\n","protected":false},"excerpt":{"rendered":"<p>29-Abr-26 Fueron notificados por Infracci\u00f3n a la Ley de Caza y por infracci\u00f3n al C\u00f3digo Penal<\/p>\n","protected":false},"author":3,"featured_media":363237,"comment_status":"closed","ping_status":"closed","sticky":false,"template":"","format":"standard","meta":[],"categories":[103],"tags":[],"_links":{"self":[{"href":"https:\/\/www.noticiasdelparana.com.ar\/NuevaEdicion\/wp-json\/wp\/v2\/posts\/363236"}],"collection":[{"href":"https:\/\/www.noticiasdelparana.com.ar\/NuevaEdicion\/wp-json\/wp\/v2\/posts"}],"about":[{"href":"https:\/\/www.noticiasdelparana.com.ar\/NuevaEdicion\/wp-json\/wp\/v2\/types\/post"}],"author":[{"embeddable":true,"href":"https:\/\/www.noticiasdelparana.com.ar\/NuevaEdicion\/wp-json\/wp\/v2\/users\/3"}],"replies":[{"embeddable":true,"href":"https:\/\/www.noticiasdelparana.com.ar\/NuevaEdicion\/wp-json\/wp\/v2\/comments?post=363236"}],"version-history":[{"count":1,"href":"https:\/\/www.noticiasdelparana.com.ar\/NuevaEdicion\/wp-json\/wp\/v2\/posts\/363236\/revisions"}],"predecessor-version":[{"id":363238,"href":"https:\/\/www.noticiasdelparana.com.ar\/NuevaEdicion\/wp-json\/wp\/v2\/posts\/363236\/revisions\/363238"}],"wp:featuredmedia":[{"embeddable":true,"href":"https:\/\/www.noticiasdelparana.com.ar\/NuevaEdicion\/wp-json\/wp\/v2\/media\/363237"}],"wp:attachment":[{"href":"https:\/\/www.noticiasdelparana.com.ar\/NuevaEdicion\/wp-json\/wp\/v2\/media?parent=363236"}],"wp:term":[{"taxonomy":"category","embeddable":true,"href":"https:\/\/www.noticiasdelparana.com.ar\/NuevaEdicion\/wp-json\/wp\/v2\/categories?post=363236"},{"taxonomy":"post_tag","embeddable":true,"href":"https:\/\/www.noticiasdelparana.com.ar\/NuevaEdicion\/wp-json\/wp\/v2\/tags?post=363236"}],"curies":[{"name":"wp","href":"https:\/\/api.w.org\/{rel}","templated":true}]}}