{"id":363242,"date":"2026-04-29T08:10:23","date_gmt":"2026-04-29T11:10:23","guid":{"rendered":"http:\/\/www.noticiasdelparana.com.ar\/NuevaEdicion\/?p=363242"},"modified":"2026-04-29T08:10:27","modified_gmt":"2026-04-29T11:10:27","slug":"chaco-educacion-especial-inicia-el-periodo-de-tachas-para-interinatos-y-suplencias-de-maestros-de-grado","status":"publish","type":"post","link":"https:\/\/www.noticiasdelparana.com.ar\/NuevaEdicion\/2026\/04\/29\/chaco-educacion-especial-inicia-el-periodo-de-tachas-para-interinatos-y-suplencias-de-maestros-de-grado\/","title":{"rendered":"CHACO:   Educaci\u00f3n Especial: Inicia El Per\u00edodo De Tachas Para Interinatos Y Suplencias De Maestros De Grado"},"content":{"rendered":"\n<p>Este proceso, enmarcado en el Per\u00edodo Extraordinario B del ciclo 2026 y conforme a la Ley 647-E, se extender\u00e1 por el t\u00e9rmino de veinte (20) d\u00edas h\u00e1biles. Durante este plazo, los docentes podr\u00e1n verificar sus datos y realizar los reclamos que consideren pertinentes.<br>Las listas provisorias se encuentran disponibles para su consulta en la plataforma Tu Gobierno Digital, a trav\u00e9s de la aplicaci\u00f3n SIE, en la secci\u00f3n Junta (Listados vigentes).<br>Desde el organismo indicaron que, para efectuar consultas o presentar reclamos de manera presencial, los interesados podr\u00e1n dirigirse a la sede de la Junta de Clasificaci\u00f3n de Nivel Primario en Resistencia, ubicada en Gobernador Bosch 99, Nave 1, en el horario de 7 a 13.<br>El Per\u00edodo de Tachas constituye una instancia clave dentro del proceso administrativo, ya que permite garantizar la transparencia y correcta valoraci\u00f3n de antecedentes en la conformaci\u00f3n de los listados definitivos.<\/p>\n","protected":false},"excerpt":{"rendered":"<p>29-Abr-26 El Ministerio de Educaci\u00f3n, a trav\u00e9s de la Junta de Clasificaci\u00f3n de Nivel Primario- Regiones 1 a 10, inform\u00f3 que desde el este martes 28 de abril se encuentra habilitado el Per\u00edodo de Tachas correspondiente a la inscripci\u00f3n de Interinatos y Suplencias para maestros de grado de escuelas de Educaci\u00f3n Especial.<\/p>\n","protected":false},"author":3,"featured_media":354506,"comment_status":"closed","ping_status":"closed","sticky":false,"template":"","format":"standard","meta":[],"categories":[98],"tags":[],"_links":{"self":[{"href":"https:\/\/www.noticiasdelparana.com.ar\/NuevaEdicion\/wp-json\/wp\/v2\/posts\/363242"}],"collection":[{"href":"https:\/\/www.noticiasdelparana.com.ar\/NuevaEdicion\/wp-json\/wp\/v2\/posts"}],"about":[{"href":"https:\/\/www.noticiasdelparana.com.ar\/NuevaEdicion\/wp-json\/wp\/v2\/types\/post"}],"author":[{"embeddable":true,"href":"https:\/\/www.noticiasdelparana.com.ar\/NuevaEdicion\/wp-json\/wp\/v2\/users\/3"}],"replies":[{"embeddable":true,"href":"https:\/\/www.noticiasdelparana.com.ar\/NuevaEdicion\/wp-json\/wp\/v2\/comments?post=363242"}],"version-history":[{"count":1,"href":"https:\/\/www.noticiasdelparana.com.ar\/NuevaEdicion\/wp-json\/wp\/v2\/posts\/363242\/revisions"}],"predecessor-version":[{"id":363243,"href":"https:\/\/www.noticiasdelparana.com.ar\/NuevaEdicion\/wp-json\/wp\/v2\/posts\/363242\/revisions\/363243"}],"wp:featuredmedia":[{"embeddable":true,"href":"https:\/\/www.noticiasdelparana.com.ar\/NuevaEdicion\/wp-json\/wp\/v2\/media\/354506"}],"wp:attachment":[{"href":"https:\/\/www.noticiasdelparana.com.ar\/NuevaEdicion\/wp-json\/wp\/v2\/media?parent=363242"}],"wp:term":[{"taxonomy":"category","embeddable":true,"href":"https:\/\/www.noticiasdelparana.com.ar\/NuevaEdicion\/wp-json\/wp\/v2\/categories?post=363242"},{"taxonomy":"post_tag","embeddable":true,"href":"https:\/\/www.noticiasdelparana.com.ar\/NuevaEdicion\/wp-json\/wp\/v2\/tags?post=363242"}],"curies":[{"name":"wp","href":"https:\/\/api.w.org\/{rel}","templated":true}]}}