{"id":363244,"date":"2026-04-29T08:16:56","date_gmt":"2026-04-29T11:16:56","guid":{"rendered":"http:\/\/www.noticiasdelparana.com.ar\/NuevaEdicion\/?p=363244"},"modified":"2026-04-29T08:16:59","modified_gmt":"2026-04-29T11:16:59","slug":"chaco-zdero-superviso-obras-en-el-hospital-perrando-y-entrego-equipamientos-de-alta-tecnologia","status":"publish","type":"post","link":"https:\/\/www.noticiasdelparana.com.ar\/NuevaEdicion\/2026\/04\/29\/chaco-zdero-superviso-obras-en-el-hospital-perrando-y-entrego-equipamientos-de-alta-tecnologia\/","title":{"rendered":"CHACO:   Zdero Supervis\u00f3 Obras En El Hospital Perrando Y Entreg\u00f3 Equipamientos De Alta Tecnolog\u00eda"},"content":{"rendered":"\n<p>La incorporaci\u00f3n de estos equipamientos se realiza a trav\u00e9s del financiamiento del Convenio FonPlata por m\u00e1s de 346 millones de pesos y permitir\u00e1 ampliar la cobertura asistencial, optimizar los diagn\u00f3sticos, mejorar los controles de calidad y avanzar en tratamientos especializados, con impacto directo en la atenci\u00f3n integral de la poblaci\u00f3n.<\/p>\n\n\n\n<p>Las autoridades estuvieron en el Servicio de Diagn\u00f3stico por Im\u00e1genes, donde se ejecuta una remodelaci\u00f3n integral, y verificaron los avances en la ampliaci\u00f3n del Centro de Adicciones para Adolescentes del Servicio de Salud Mental, una intervenci\u00f3n clave para mejorar la respuesta ante situaciones de consumo problem\u00e1tico.<\/p>\n\n\n\n<p>Zdero destac\u00f3 la magnitud de la inversi\u00f3n y el impacto en la salud p\u00fablica: \u201cEstamos incorporando equipamiento de alta tecnolog\u00eda en \u00e1reas como gastroenterolog\u00eda y urolog\u00eda, lo que permitir\u00e1 mejorar la calidad de las intervenciones y reducir significativamente los tiempos de espera\u201d, afirm\u00f3.<\/p>\n\n\n\n<p>El mandatario subray\u00f3 adem\u00e1s la importancia de acompa\u00f1ar la incorporaci\u00f3n tecnol\u00f3gica con infraestructura adecuada: \u201cEl equipamiento es fundamental, pero debe ir de la mano de obras que permitan su correcto funcionamiento. Esto implica readecuaciones, nuevas estructuras y mejores condiciones tanto para los profesionales como para los pacientes\u201d, sostuvo.<\/p>\n\n\n\n<p>En materia de salud mental, remarc\u00f3 el avance en la creaci\u00f3n de espacios espec\u00edficos para la atenci\u00f3n de pacientes en situaci\u00f3n de intoxicaci\u00f3n aguda: \u201cEsto permitir\u00e1 brindar un tratamiento adecuado, en un entorno m\u00e1s seguro y especializado, y luego avanzar en su incorporaci\u00f3n a programas de recuperaci\u00f3n\u201d, explic\u00f3.<\/p>\n\n\n\n<p>Asimismo, el gobernador valor\u00f3 el trabajo articulado entre las distintas \u00e1reas del Gobierno y el compromiso del personal sanitario: \u201cQuiero destacar la labor de la direcci\u00f3n del hospital y de todos los profesionales, que diariamente sostienen el sistema y trabajan para mejorar la calidad de atenci\u00f3n\u201d, expres\u00f3.<\/p>\n\n\n\n<p>Por su parte, el ministro de Salud se\u00f1al\u00f3 que esta pol\u00edtica forma parte de un plan estrat\u00e9gico para fortalecer el sistema sanitario en toda la provincia: \u201cEstamos avanzando con una inversi\u00f3n significativa en equipamiento e infraestructura, con el objetivo de mejorar la calidad de atenci\u00f3n y reducir los tiempos de internaci\u00f3n\u201d, indic\u00f3.<\/p>\n\n\n\n<p>En ese sentido, precis\u00f3 que la distribuci\u00f3n de los equipos no se limitar\u00e1 al Hospital Perrando, sino que alcanzar\u00e1 a m\u00e1s de una decena de establecimientos sanitarios en distintas localidades, como Presidencia Roque S\u00e1enz Pe\u00f1a, Villa \u00c1ngela, Castelli, General San Mart\u00edn, Las Bre\u00f1as, Colonia Elisa y El Espinillo, entre otras. \u201cEl Perrando es nuestro hospital de referencia por su nivel de complejidad, pero tambi\u00e9n estamos fortaleciendo otros hospitales con equipamiento acorde a sus necesidades, garantizando una red de atenci\u00f3n m\u00e1s equitativa\u201d, agreg\u00f3.<\/p>\n\n\n\n<p>MEJORAS EN LA ATENCI\u00d3N Y CONDICIONES DE TRABAJO<\/p>\n\n\n\n<p>A su turno, la directora del Hospital Perrando, Andrea Mayol, celebr\u00f3 la incorporaci\u00f3n de los nuevos equipamientos y el avance de las obras: \u201cCada incorporaci\u00f3n representa una mejora concreta para nuestro trabajo diario. Nos permite brindar respuestas m\u00e1s r\u00e1pidas, con menor tiempo de internaci\u00f3n y mayor calidad en la atenci\u00f3n\u201d, destac\u00f3.<\/p>\n\n\n\n<p>En relaci\u00f3n al \u00e1rea de salud mental, explic\u00f3 que la ampliaci\u00f3n del Centro de Adicciones permitir\u00e1 contar con espacios diferenciados \u201cEsto posibilitar\u00e1 una atenci\u00f3n m\u00e1s adecuada, en un entorno m\u00e1s contenido y acorde a cada situaci\u00f3n, facilitando luego los procesos de rehabilitaci\u00f3n\u201d, concluy\u00f3.<\/p>\n","protected":false},"excerpt":{"rendered":"<p>29-Abr-26  El gobernador Leandro Zdero junto al ministro de Salud, Sergio Rodr\u00edguez y al ministro de Infraestructura, Hugo Dom\u00ednguez, estuvieron en el Hospital Perrando, donde supervisaron obras estrat\u00e9gicas y concretaron la entrega de equipamientos de \u00faltima generaci\u00f3n destinado a fortalecer la capacidad de atenci\u00f3n.<\/p>\n","protected":false},"author":3,"featured_media":363245,"comment_status":"closed","ping_status":"closed","sticky":false,"template":"","format":"standard","meta":[],"categories":[98],"tags":[],"_links":{"self":[{"href":"https:\/\/www.noticiasdelparana.com.ar\/NuevaEdicion\/wp-json\/wp\/v2\/posts\/363244"}],"collection":[{"href":"https:\/\/www.noticiasdelparana.com.ar\/NuevaEdicion\/wp-json\/wp\/v2\/posts"}],"about":[{"href":"https:\/\/www.noticiasdelparana.com.ar\/NuevaEdicion\/wp-json\/wp\/v2\/types\/post"}],"author":[{"embeddable":true,"href":"https:\/\/www.noticiasdelparana.com.ar\/NuevaEdicion\/wp-json\/wp\/v2\/users\/3"}],"replies":[{"embeddable":true,"href":"https:\/\/www.noticiasdelparana.com.ar\/NuevaEdicion\/wp-json\/wp\/v2\/comments?post=363244"}],"version-history":[{"count":1,"href":"https:\/\/www.noticiasdelparana.com.ar\/NuevaEdicion\/wp-json\/wp\/v2\/posts\/363244\/revisions"}],"predecessor-version":[{"id":363246,"href":"https:\/\/www.noticiasdelparana.com.ar\/NuevaEdicion\/wp-json\/wp\/v2\/posts\/363244\/revisions\/363246"}],"wp:featuredmedia":[{"embeddable":true,"href":"https:\/\/www.noticiasdelparana.com.ar\/NuevaEdicion\/wp-json\/wp\/v2\/media\/363245"}],"wp:attachment":[{"href":"https:\/\/www.noticiasdelparana.com.ar\/NuevaEdicion\/wp-json\/wp\/v2\/media?parent=363244"}],"wp:term":[{"taxonomy":"category","embeddable":true,"href":"https:\/\/www.noticiasdelparana.com.ar\/NuevaEdicion\/wp-json\/wp\/v2\/categories?post=363244"},{"taxonomy":"post_tag","embeddable":true,"href":"https:\/\/www.noticiasdelparana.com.ar\/NuevaEdicion\/wp-json\/wp\/v2\/tags?post=363244"}],"curies":[{"name":"wp","href":"https:\/\/api.w.org\/{rel}","templated":true}]}}