{"id":363247,"date":"2026-04-29T08:29:26","date_gmt":"2026-04-29T11:29:26","guid":{"rendered":"http:\/\/www.noticiasdelparana.com.ar\/NuevaEdicion\/?p=363247"},"modified":"2026-04-29T08:29:30","modified_gmt":"2026-04-29T11:29:30","slug":"puerto-vilelas-buscan-a-los-duenos-de-un-perro-encontrado-en-el-parque-urbano-guemes","status":"publish","type":"post","link":"https:\/\/www.noticiasdelparana.com.ar\/NuevaEdicion\/2026\/04\/29\/puerto-vilelas-buscan-a-los-duenos-de-un-perro-encontrado-en-el-parque-urbano-guemes\/","title":{"rendered":"PUERTO VILELAS: Buscan A Los Due\u00f1os De Un Perro Encontrado En El Parque Urbano G\u00fcemes"},"content":{"rendered":"\n<p>El animal fue encontrado durante la madrugada, alrededor de las 4:00, en inmediaciones del Parque Urbano G\u00fcemes, sobre avenida San Mart\u00edn, mientras personal de la Guardia Urbana realizaba recorridas de prevenci\u00f3n.<\/p>\n\n\n\n<p>Se trata de un perro macho, de tipo Rottweiler, de contextura robusta y car\u00e1cter d\u00f3cil. Al momento del rescate, llevaba colocado un arn\u00e9s de color rojo, lo que hace presumir que cuenta con una familia.<\/p>\n\n\n\n<p>Actualmente, el animal se encuentra resguardado en dependencias de la Secretar\u00eda, en buen estado y bajo cuidado, a la espera de ser reconocido por sus due\u00f1os.<\/p>\n\n\n\n<p>Las autoridades solicitaron a quienes tengan informaci\u00f3n o crean reconocerlo que se comuniquen al n\u00famero 3624-163740, con el objetivo de lograr su pronta reunificaci\u00f3n con su familia.<\/p>\n","protected":false},"excerpt":{"rendered":"<p>29-Abr-26 Desde la Secretar\u00eda de Seguridad P\u00fablica, Vial y Ambiental solicitan la colaboraci\u00f3n de la comunidad para dar con los propietarios de un perro que fue hallado en la ciudad de Puerto Vilelas.<\/p>\n","protected":false},"author":3,"featured_media":363248,"comment_status":"closed","ping_status":"closed","sticky":false,"template":"","format":"standard","meta":[],"categories":[101],"tags":[],"_links":{"self":[{"href":"https:\/\/www.noticiasdelparana.com.ar\/NuevaEdicion\/wp-json\/wp\/v2\/posts\/363247"}],"collection":[{"href":"https:\/\/www.noticiasdelparana.com.ar\/NuevaEdicion\/wp-json\/wp\/v2\/posts"}],"about":[{"href":"https:\/\/www.noticiasdelparana.com.ar\/NuevaEdicion\/wp-json\/wp\/v2\/types\/post"}],"author":[{"embeddable":true,"href":"https:\/\/www.noticiasdelparana.com.ar\/NuevaEdicion\/wp-json\/wp\/v2\/users\/3"}],"replies":[{"embeddable":true,"href":"https:\/\/www.noticiasdelparana.com.ar\/NuevaEdicion\/wp-json\/wp\/v2\/comments?post=363247"}],"version-history":[{"count":1,"href":"https:\/\/www.noticiasdelparana.com.ar\/NuevaEdicion\/wp-json\/wp\/v2\/posts\/363247\/revisions"}],"predecessor-version":[{"id":363249,"href":"https:\/\/www.noticiasdelparana.com.ar\/NuevaEdicion\/wp-json\/wp\/v2\/posts\/363247\/revisions\/363249"}],"wp:featuredmedia":[{"embeddable":true,"href":"https:\/\/www.noticiasdelparana.com.ar\/NuevaEdicion\/wp-json\/wp\/v2\/media\/363248"}],"wp:attachment":[{"href":"https:\/\/www.noticiasdelparana.com.ar\/NuevaEdicion\/wp-json\/wp\/v2\/media?parent=363247"}],"wp:term":[{"taxonomy":"category","embeddable":true,"href":"https:\/\/www.noticiasdelparana.com.ar\/NuevaEdicion\/wp-json\/wp\/v2\/categories?post=363247"},{"taxonomy":"post_tag","embeddable":true,"href":"https:\/\/www.noticiasdelparana.com.ar\/NuevaEdicion\/wp-json\/wp\/v2\/tags?post=363247"}],"curies":[{"name":"wp","href":"https:\/\/api.w.org\/{rel}","templated":true}]}}