{"id":363278,"date":"2026-04-29T09:01:07","date_gmt":"2026-04-29T12:01:07","guid":{"rendered":"http:\/\/www.noticiasdelparana.com.ar\/NuevaEdicion\/?p=363278"},"modified":"2026-04-29T09:01:10","modified_gmt":"2026-04-29T12:01:10","slug":"corrientes-recuperaron-una-moto-robada-tras-un-despliegue-policial","status":"publish","type":"post","link":"https:\/\/www.noticiasdelparana.com.ar\/NuevaEdicion\/2026\/04\/29\/corrientes-recuperaron-una-moto-robada-tras-un-despliegue-policial\/","title":{"rendered":"CORRIENTES: Recuperaron Una Moto Robada Tras Un Despliegue Policial"},"content":{"rendered":"\n<p>La Polic\u00eda de Corrientes recuper\u00f3 una moto robada en la ciudad tras un operativo realizado por la Comisar\u00eda 12\u00ba Urbana. El procedimiento se concret\u00f3 ayer por la noche, horas despu\u00e9s de la denuncia.<\/p>\n\n\n\n<p>El hecho fue reportado por una mujer, quien advirti\u00f3 el robo de su motocicleta, una Honda Wave. El rodado hab\u00eda sido sustra\u00eddo desde un garaje ubicado sobre la calle R\u00edo Negro, entre Balboa e Irala.<\/p>\n\n\n\n<p>Rastrillaje y resultado positivo<\/p>\n\n\n\n<p>A partir de la denuncia, los polic\u00edas iniciaron un rastrillaje en la zona. Como resultado, hallaron una motocicleta abandonada en inmediaciones de la calle Potos\u00ed al 3200. Tras verificar la patente, confirmaron que se trataba del veh\u00edculo denunciado.<\/p>\n\n\n\n<p>La moto qued\u00f3 a disposici\u00f3n de la autoridad fiscal, mientras contin\u00faan los tr\u00e1mites correspondientes.<\/p>\n","protected":false},"excerpt":{"rendered":"<p>29-Abr-26 El hallazgo lo concret\u00f3 la Comisar\u00eda 12\u00ba Urbana.<\/p>\n","protected":false},"author":4,"featured_media":363266,"comment_status":"closed","ping_status":"closed","sticky":false,"template":"","format":"standard","meta":[],"categories":[139],"tags":[],"_links":{"self":[{"href":"https:\/\/www.noticiasdelparana.com.ar\/NuevaEdicion\/wp-json\/wp\/v2\/posts\/363278"}],"collection":[{"href":"https:\/\/www.noticiasdelparana.com.ar\/NuevaEdicion\/wp-json\/wp\/v2\/posts"}],"about":[{"href":"https:\/\/www.noticiasdelparana.com.ar\/NuevaEdicion\/wp-json\/wp\/v2\/types\/post"}],"author":[{"embeddable":true,"href":"https:\/\/www.noticiasdelparana.com.ar\/NuevaEdicion\/wp-json\/wp\/v2\/users\/4"}],"replies":[{"embeddable":true,"href":"https:\/\/www.noticiasdelparana.com.ar\/NuevaEdicion\/wp-json\/wp\/v2\/comments?post=363278"}],"version-history":[{"count":1,"href":"https:\/\/www.noticiasdelparana.com.ar\/NuevaEdicion\/wp-json\/wp\/v2\/posts\/363278\/revisions"}],"predecessor-version":[{"id":363279,"href":"https:\/\/www.noticiasdelparana.com.ar\/NuevaEdicion\/wp-json\/wp\/v2\/posts\/363278\/revisions\/363279"}],"wp:featuredmedia":[{"embeddable":true,"href":"https:\/\/www.noticiasdelparana.com.ar\/NuevaEdicion\/wp-json\/wp\/v2\/media\/363266"}],"wp:attachment":[{"href":"https:\/\/www.noticiasdelparana.com.ar\/NuevaEdicion\/wp-json\/wp\/v2\/media?parent=363278"}],"wp:term":[{"taxonomy":"category","embeddable":true,"href":"https:\/\/www.noticiasdelparana.com.ar\/NuevaEdicion\/wp-json\/wp\/v2\/categories?post=363278"},{"taxonomy":"post_tag","embeddable":true,"href":"https:\/\/www.noticiasdelparana.com.ar\/NuevaEdicion\/wp-json\/wp\/v2\/tags?post=363278"}],"curies":[{"name":"wp","href":"https:\/\/api.w.org\/{rel}","templated":true}]}}