{"id":363280,"date":"2026-04-29T09:03:08","date_gmt":"2026-04-29T12:03:08","guid":{"rendered":"http:\/\/www.noticiasdelparana.com.ar\/NuevaEdicion\/?p=363280"},"modified":"2026-04-29T09:03:10","modified_gmt":"2026-04-29T12:03:10","slug":"corrientes-choque-fatal-entre-una-motocicleta-y-una-camioneta","status":"publish","type":"post","link":"https:\/\/www.noticiasdelparana.com.ar\/NuevaEdicion\/2026\/04\/29\/corrientes-choque-fatal-entre-una-motocicleta-y-una-camioneta\/","title":{"rendered":"CORRIENTES: Choque Fatal Entre Una Motocicleta Y Una Camioneta"},"content":{"rendered":"\n<p>La Polic\u00eda de Corrientes inform\u00f3 que el lunes se produjo en tr\u00e1gico hecho en la localidad de Bella Vista, donde un motociclista muri\u00f3 tras chocar con una camioneta.<\/p>\n\n\n\n<p>El incidente ocurri\u00f3 alrededor de las 14 del lunes, cuando se registr\u00f3 un siniestro vial de gravedad en la intersecci\u00f3n de la Ruta Provincial N\u00ba 27 y la calle Misiones, en la mencionada localidad.<\/p>\n\n\n\n<p>El incidente fue reportado a los efectivos de la Comisar\u00eda de Distrito Primera, quienes se desplazaron al lugar para las pericias iniciales.<\/p>\n\n\n\n<p>Veh\u00edculos e Involucrados<\/p>\n\n\n\n<p>Por causas que a\u00fan se encuentran bajo investigaci\u00f3n, el choque fue protagonizado por una camioneta Toyota Hilux, conducida por un hombre de 45 a\u00f1os de edad, identificado con el apellido Leguizam\u00f3n.<\/p>\n\n\n\n<p>El rodado de gran porte impact\u00f3 contra una motocicleta Honda Twister, que era guiada por un hombre mayor de edad , identificado con el apellido Serial.<\/p>\n\n\n\n<p>Como resultado del impacto entre ambos veh\u00edculos, el conductor de la motocicleta perdi\u00f3 muri\u00f3 en el lugar. Los servicios de emergencia que acudieron a la zona constataron la muerte del motociclista de forma inmediata.<\/p>\n\n\n\n<p>Actuaci\u00f3n Judicial y Peritajes<\/p>\n\n\n\n<p>En el lugar del siniestro se realizaron las diligencias de rigor para determinar la mec\u00e1nica del choque.<\/p>\n\n\n\n<p>En el caso tom\u00f3 intervenci\u00f3n la Unidad Fiscal en turno, mientras que la Comisar\u00eda de Distrito Primera contin\u00faa con los tr\u00e1mites legales y las actuaciones sumariales correspondientes..<\/p>\n","protected":false},"excerpt":{"rendered":"<p>29-Abr-26 La v\u00edctima, un motociclista, muri\u00f3 en el lugar tras colisionar contra el rodado de mayor porte. <\/p>\n","protected":false},"author":4,"featured_media":363263,"comment_status":"closed","ping_status":"closed","sticky":false,"template":"","format":"standard","meta":[],"categories":[139],"tags":[],"_links":{"self":[{"href":"https:\/\/www.noticiasdelparana.com.ar\/NuevaEdicion\/wp-json\/wp\/v2\/posts\/363280"}],"collection":[{"href":"https:\/\/www.noticiasdelparana.com.ar\/NuevaEdicion\/wp-json\/wp\/v2\/posts"}],"about":[{"href":"https:\/\/www.noticiasdelparana.com.ar\/NuevaEdicion\/wp-json\/wp\/v2\/types\/post"}],"author":[{"embeddable":true,"href":"https:\/\/www.noticiasdelparana.com.ar\/NuevaEdicion\/wp-json\/wp\/v2\/users\/4"}],"replies":[{"embeddable":true,"href":"https:\/\/www.noticiasdelparana.com.ar\/NuevaEdicion\/wp-json\/wp\/v2\/comments?post=363280"}],"version-history":[{"count":1,"href":"https:\/\/www.noticiasdelparana.com.ar\/NuevaEdicion\/wp-json\/wp\/v2\/posts\/363280\/revisions"}],"predecessor-version":[{"id":363282,"href":"https:\/\/www.noticiasdelparana.com.ar\/NuevaEdicion\/wp-json\/wp\/v2\/posts\/363280\/revisions\/363282"}],"wp:featuredmedia":[{"embeddable":true,"href":"https:\/\/www.noticiasdelparana.com.ar\/NuevaEdicion\/wp-json\/wp\/v2\/media\/363263"}],"wp:attachment":[{"href":"https:\/\/www.noticiasdelparana.com.ar\/NuevaEdicion\/wp-json\/wp\/v2\/media?parent=363280"}],"wp:term":[{"taxonomy":"category","embeddable":true,"href":"https:\/\/www.noticiasdelparana.com.ar\/NuevaEdicion\/wp-json\/wp\/v2\/categories?post=363280"},{"taxonomy":"post_tag","embeddable":true,"href":"https:\/\/www.noticiasdelparana.com.ar\/NuevaEdicion\/wp-json\/wp\/v2\/tags?post=363280"}],"curies":[{"name":"wp","href":"https:\/\/api.w.org\/{rel}","templated":true}]}}