{"id":363283,"date":"2026-04-29T09:04:27","date_gmt":"2026-04-29T12:04:27","guid":{"rendered":"http:\/\/www.noticiasdelparana.com.ar\/NuevaEdicion\/?p=363283"},"modified":"2026-04-29T09:04:30","modified_gmt":"2026-04-29T12:04:30","slug":"corrientes-los-bomberos-voluntarios-salvaron-a-una-perra-atrapada-en-una-alcantarilla","status":"publish","type":"post","link":"https:\/\/www.noticiasdelparana.com.ar\/NuevaEdicion\/2026\/04\/29\/corrientes-los-bomberos-voluntarios-salvaron-a-una-perra-atrapada-en-una-alcantarilla\/","title":{"rendered":"CORRIENTES: Los Bomberos Voluntarios Salvaron A Una Perra Atrapada En Una Alcantarilla"},"content":{"rendered":"\n<p>Los Bomberos Voluntarios de Corrientes salvaron ayer a una perra que estaba atrapada dentro de una alcantarilla en la Ruta 12, cerca de la zona del Aeropuerto. El animal ya fue adoptado y recibe atenci\u00f3n veterinaria, ya que presenta una lesi\u00f3n en la cadera que dificulta su movilidad.<\/p>\n\n\n\n<p>El rescate<\/p>\n\n\n\n<p>El operativo se inici\u00f3 alrededor de las 10, cuando uno de los bomberos ingres\u00f3 a la alcantarilla y avanz\u00f3 varios metros con el agua a media altura. Tras el rescate, no se logr\u00f3 ubicar a los due\u00f1os de la perra.<\/p>\n\n\n\n<p>Asistencia y adopci\u00f3n<\/p>\n\n\n\n<p>Debido a su condici\u00f3n, el animal permanece bajo atenci\u00f3n y en observaci\u00f3n mientras recibe los cuidados necesarios. Fue bautizada como \u201cNegrita\u201d por la persona que decidi\u00f3 adoptarla tras el rescate.<\/p>\n\n\n\n<p>Se prev\u00e9 que contin\u00fae internada hasta el viernes, a la espera de una evoluci\u00f3n favorable en su estado de salud.<\/p>\n","protected":false},"excerpt":{"rendered":"<p>29-Abr-26 Fue bautizada como \u201cNegrita\u201d por la persona que decidi\u00f3 adoptarla tras el rescate.<\/p>\n","protected":false},"author":4,"featured_media":363268,"comment_status":"closed","ping_status":"closed","sticky":false,"template":"","format":"standard","meta":[],"categories":[139],"tags":[],"_links":{"self":[{"href":"https:\/\/www.noticiasdelparana.com.ar\/NuevaEdicion\/wp-json\/wp\/v2\/posts\/363283"}],"collection":[{"href":"https:\/\/www.noticiasdelparana.com.ar\/NuevaEdicion\/wp-json\/wp\/v2\/posts"}],"about":[{"href":"https:\/\/www.noticiasdelparana.com.ar\/NuevaEdicion\/wp-json\/wp\/v2\/types\/post"}],"author":[{"embeddable":true,"href":"https:\/\/www.noticiasdelparana.com.ar\/NuevaEdicion\/wp-json\/wp\/v2\/users\/4"}],"replies":[{"embeddable":true,"href":"https:\/\/www.noticiasdelparana.com.ar\/NuevaEdicion\/wp-json\/wp\/v2\/comments?post=363283"}],"version-history":[{"count":1,"href":"https:\/\/www.noticiasdelparana.com.ar\/NuevaEdicion\/wp-json\/wp\/v2\/posts\/363283\/revisions"}],"predecessor-version":[{"id":363284,"href":"https:\/\/www.noticiasdelparana.com.ar\/NuevaEdicion\/wp-json\/wp\/v2\/posts\/363283\/revisions\/363284"}],"wp:featuredmedia":[{"embeddable":true,"href":"https:\/\/www.noticiasdelparana.com.ar\/NuevaEdicion\/wp-json\/wp\/v2\/media\/363268"}],"wp:attachment":[{"href":"https:\/\/www.noticiasdelparana.com.ar\/NuevaEdicion\/wp-json\/wp\/v2\/media?parent=363283"}],"wp:term":[{"taxonomy":"category","embeddable":true,"href":"https:\/\/www.noticiasdelparana.com.ar\/NuevaEdicion\/wp-json\/wp\/v2\/categories?post=363283"},{"taxonomy":"post_tag","embeddable":true,"href":"https:\/\/www.noticiasdelparana.com.ar\/NuevaEdicion\/wp-json\/wp\/v2\/tags?post=363283"}],"curies":[{"name":"wp","href":"https:\/\/api.w.org\/{rel}","templated":true}]}}