{"id":363289,"date":"2026-04-29T09:32:37","date_gmt":"2026-04-29T12:32:37","guid":{"rendered":"http:\/\/www.noticiasdelparana.com.ar\/NuevaEdicion\/?p=363289"},"modified":"2026-04-29T09:32:42","modified_gmt":"2026-04-29T12:32:42","slug":"saenz-pena-secuestran-un-ventilador-en-recorridas-de-prevencion","status":"publish","type":"post","link":"https:\/\/www.noticiasdelparana.com.ar\/NuevaEdicion\/2026\/04\/29\/saenz-pena-secuestran-un-ventilador-en-recorridas-de-prevencion\/","title":{"rendered":"SAENZ PE\u00d1A: Secuestran Un Ventilador En Recorridas De Prevenci\u00f3n"},"content":{"rendered":"\n<p>Durante un operativo de prevenci\u00f3n realizado en la madrugada de este mi\u00e9rcoles, efectivos de la Comisar\u00eda Sexta secuestraron un ventilador que habr\u00eda sido trasladado en circunstancias sospechosas por un hombre que logr\u00f3 escapar.<\/p>\n\n\n\n<p>El procedimiento ocurri\u00f3 cerca de la 1:10 en el barrio Matadero, tras un llamado an\u00f3nimo que alert\u00f3 sobre un sujeto que llevaba un ventilador de dudosa procedencia.<\/p>\n\n\n\n<p>Al llegar&nbsp; al lugar, personal policial observ\u00f3 al sospechoso, quien al notar la presencia del m\u00f3vil abandon\u00f3 el objeto y huy\u00f3 a pie.<\/p>\n\n\n\n<p>Posteriormente, los agentes secuestraron un ventilador de pie e iniciaron actuaciones correspondientes&nbsp; para establecer su procedencia y localizar tanto al autor como al due\u00f1o.&nbsp;&nbsp;<\/p>\n","protected":false},"excerpt":{"rendered":"<p>29-Abr-26 Iniciaron una investigaci\u00f3n para localizar al propietario.<\/p>\n","protected":false},"author":3,"featured_media":363290,"comment_status":"closed","ping_status":"closed","sticky":false,"template":"","format":"standard","meta":[],"categories":[103],"tags":[],"_links":{"self":[{"href":"https:\/\/www.noticiasdelparana.com.ar\/NuevaEdicion\/wp-json\/wp\/v2\/posts\/363289"}],"collection":[{"href":"https:\/\/www.noticiasdelparana.com.ar\/NuevaEdicion\/wp-json\/wp\/v2\/posts"}],"about":[{"href":"https:\/\/www.noticiasdelparana.com.ar\/NuevaEdicion\/wp-json\/wp\/v2\/types\/post"}],"author":[{"embeddable":true,"href":"https:\/\/www.noticiasdelparana.com.ar\/NuevaEdicion\/wp-json\/wp\/v2\/users\/3"}],"replies":[{"embeddable":true,"href":"https:\/\/www.noticiasdelparana.com.ar\/NuevaEdicion\/wp-json\/wp\/v2\/comments?post=363289"}],"version-history":[{"count":1,"href":"https:\/\/www.noticiasdelparana.com.ar\/NuevaEdicion\/wp-json\/wp\/v2\/posts\/363289\/revisions"}],"predecessor-version":[{"id":363291,"href":"https:\/\/www.noticiasdelparana.com.ar\/NuevaEdicion\/wp-json\/wp\/v2\/posts\/363289\/revisions\/363291"}],"wp:featuredmedia":[{"embeddable":true,"href":"https:\/\/www.noticiasdelparana.com.ar\/NuevaEdicion\/wp-json\/wp\/v2\/media\/363290"}],"wp:attachment":[{"href":"https:\/\/www.noticiasdelparana.com.ar\/NuevaEdicion\/wp-json\/wp\/v2\/media?parent=363289"}],"wp:term":[{"taxonomy":"category","embeddable":true,"href":"https:\/\/www.noticiasdelparana.com.ar\/NuevaEdicion\/wp-json\/wp\/v2\/categories?post=363289"},{"taxonomy":"post_tag","embeddable":true,"href":"https:\/\/www.noticiasdelparana.com.ar\/NuevaEdicion\/wp-json\/wp\/v2\/tags?post=363289"}],"curies":[{"name":"wp","href":"https:\/\/api.w.org\/{rel}","templated":true}]}}