{"id":363292,"date":"2026-04-29T09:51:53","date_gmt":"2026-04-29T12:51:53","guid":{"rendered":"http:\/\/www.noticiasdelparana.com.ar\/NuevaEdicion\/?p=363292"},"modified":"2026-04-29T09:51:56","modified_gmt":"2026-04-29T12:51:56","slug":"chaco-unne-desarrollan-un-modelo-matematico-para-predecir-la-aparicion-de-ulceras-en-pie-diabetico","status":"publish","type":"post","link":"https:\/\/www.noticiasdelparana.com.ar\/NuevaEdicion\/2026\/04\/29\/chaco-unne-desarrollan-un-modelo-matematico-para-predecir-la-aparicion-de-ulceras-en-pie-diabetico\/","title":{"rendered":"CHACO: UNNE Desarrollan Un Modelo Matem\u00e1tico Para Predecir La Aparici\u00f3n De \u00falceras En Pie Diab\u00e9tico."},"content":{"rendered":"\n<p><em> \u201cLa analog\u00eda entre tejidos blandos y medios porosos permite abordar el problema desde una nueva perspectiva\u201d, explican.<\/em><\/p>\n\n\n\n<p>Un problema muy frecuente en personas con diabetes es la aparici\u00f3n de \u00falceras en el pie, especialmente en la zona del tal\u00f3n y en las cabezas de los primeros metatarsianos, afecciones que pueden derivar incluso en amputaciones.<\/p>\n\n\n\n<figure class=\"wp-block-image\" id=\"attachment_45036\"><a href=\"https:\/\/medios.unne.edu.ar\/wp-content\/uploads\/modelado-de-pie-diabetico-grupo.jpg\"><img src=\"https:\/\/medios.unne.edu.ar\/wp-content\/uploads\/modelado-de-pie-diabetico-grupo.jpg\" alt=\"\" class=\"wp-image-45036\"\/><\/a><figcaption>El Dr. Ing. Pablo Beneyto, la becaria Amira Salom\u00e9 Chain y el Dr. Ing. H\u00e9ctor Ariel Di Rado, integrantes del proyecto.<\/figcaption><\/figure>\n\n\n\n<p>Diversos estudios se\u00f1alan que su aparici\u00f3n est\u00e1 asociada tanto a las cargas mec\u00e1nicas como a la enfermedad vascular perif\u00e9rica.<\/p>\n\n\n\n<p>Una de las estrategias para prevenir estas lesiones es analizar y reducir la presi\u00f3n sobre los tejidos, disminuyendo as\u00ed el riesgo de da\u00f1o tisular.<\/p>\n\n\n\n<p>En ese contexto, de manera reciente se puso en marcha el proyecto&nbsp;<em>\u201cModelado matem\u00e1tico de tejidos, predicci\u00f3n de ulceraciones en pie diab\u00e9tico\u201d<\/em>, a cargo de los investigadores&nbsp;<strong>Dr. Ing. Pablo Beneyto, Dr. Ing. H\u00e9ctor Ariel Di Rado<\/strong>&nbsp;y del&nbsp;<strong>Dr. Ing. Javier Mroginski<\/strong>, del Departamento de Mec\u00e1nica Aplicada de la&nbsp;<a href=\"http:\/\/www.ing.unne.edu.ar\/\">FI-UNNE<\/a>&nbsp;y del Laboratorio de Mec\u00e1nica Computacional&nbsp;<a href=\"https:\/\/imit.conicet.gov.ar\/laboratorio-de-mecanica-computacional\/\">\u00abLAMEC\u00bb<\/a>&nbsp;(CONICET-UNNE), y la estudiante<strong>&nbsp;Amira Salom\u00e9 Chain,&nbsp;<\/strong>becaria del Instituto Chaque\u00f1o de Ciencia, Tecnolog\u00eda e Innovaci\u00f3n (ICCTI).<\/p>\n\n\n\n<div class=\"wp-block-image\"><figure class=\"aligncenter\"><a href=\"https:\/\/medios.unne.edu.ar\/wp-content\/uploads\/modelado-de-pie-diabetico-becaria.jpg\"><img src=\"https:\/\/medios.unne.edu.ar\/wp-content\/uploads\/modelado-de-pie-diabetico-becaria.jpg\" alt=\"\" class=\"wp-image-45035\"\/><\/a><\/figure><\/div>\n\n\n\n<p>El objetivo del estudio es, por medio de ecuaciones diferenciales, obtener los campos de tensiones y presiones intersticiales en las distintas partes del pie, y as\u00ed aportar a la b\u00fasqueda de alternativas para la reducci\u00f3n de tensiones en zonas que puedan conducir a ulceraciones.<\/p>\n\n\n\n<p>Para lograrlo, integrantes del Departamento de Mec\u00e1nica Aplicada de FI-UNNE, estudiar\u00e1n las tensiones del pie a trav\u00e9s de un modelo matem\u00e1tico de superposici\u00f3n de estados (SSDT), una t\u00e9cnica que permite combinar distintos escenarios f\u00edsicos para describir fen\u00f3menos complejos, desarrollado por el grupo para el estudio de suelos saturados, no saturados y multif\u00e1sicos.<\/p>\n\n\n\n<p>Es que, a partir de la analog\u00eda del comportamiento de los tejidos blandos del cuerpo humano con los medios porosos de los suelos, hace algunos a\u00f1os desde el grupo de investigaci\u00f3n de la UNNE decidieron adaptar el modelo matem\u00e1tico desarrollado para abordar el crecimiento de tumores, y ahora,&nbsp;<strong>como continuidad de esa l\u00ednea de aplicaci\u00f3n, se decidi\u00f3 utilizarlo en busca de realizar an\u00e1lisis de predicciones de \u00falceras<\/strong>&nbsp;y el an\u00e1lisis de tensi\u00f3n en discos intervertebrales.<\/p>\n\n\n\n<div class=\"wp-block-image\"><figure class=\"aligncenter\"><a href=\"https:\/\/medios.unne.edu.ar\/wp-content\/uploads\/modelado-de-pie-diabetico.jpg\"><img src=\"https:\/\/medios.unne.edu.ar\/wp-content\/uploads\/modelado-de-pie-diabetico.jpg\" alt=\"\" class=\"wp-image-45038\"\/><\/a><\/figure><\/div>\n\n\n\n<p>En t\u00e9rminos m\u00e1s intuitivos, el tejido del pie puede suponerse como una esponja empapada: si se lo comprime en exceso o de manera r\u00e1pida -como ocurre durante la marcha- el l\u00edquido interno se redistribuye y el tejido se deforma.<\/p>\n\n\n\n<p>El modelo desarrollado permite analizar si ese sistema puede soportar dichas condiciones o identificar zonas donde el tejido podr\u00eda da\u00f1arse antes de que la lesi\u00f3n se manifieste cl\u00ednicamente<\/p>\n\n\n\n<p><em>\u201cEste modelo matem\u00e1tico combina distintas ecuaciones para el estudio de micro y macro escala de los suelos, y aqu\u00ed se aplica al tejido del pie, consider\u00e1ndolo como un medio poroso trif\u00e1sico\u201d<\/em>, explic\u00f3 el Ing. Beneyto<\/p>\n\n\n\n<p>Los avances del proyecto fueron presentados recientemente por parte de la becaria Amira Cha\u00edn en la 3\u00b0 Cumbre Chaque\u00f1a de Ciencia, Tecnolog\u00eda e Innovaci\u00f3n, organizado por el Instituto Chaque\u00f1o de Ciencia, Tecnolog\u00eda e Innovaci\u00f3n (ICCTI).<\/p>\n\n\n\n<div class=\"wp-block-image\"><figure class=\"aligncenter\"><a href=\"https:\/\/medios.unne.edu.ar\/wp-content\/uploads\/modelado-de-pie-diabetico-2.jpg\"><img src=\"https:\/\/medios.unne.edu.ar\/wp-content\/uploads\/modelado-de-pie-diabetico-2.jpg\" alt=\"\" class=\"wp-image-45034\"\/><\/a><\/figure><\/div>\n\n\n\n<p><strong>Detalles del estudio<\/strong><\/p>\n\n\n\n<p>Seg\u00fan detallaron desde el grupo de investigaci\u00f3n, el pie como medio trif\u00e1sico est\u00e1 formado por una fase s\u00f3lida que ser\u00eda la matriz extracelular, es decir el andamiaje o la estructura mec\u00e1nica del tejido, y las fases fluidas, representadas por el l\u00edquido intersticial y las especies qu\u00edmicas disueltas (principalmente ox\u00edgeno), junto con una fase celular que puede modelarse como un continuo adicional.<\/p>\n\n\n\n<p>As\u00ed, el modelado de cada punto del tejido de la planta del pie est\u00e1 conformado por esas fases s\u00f3lidas y fluidas, y para su estudio se combinan distintos tipos de ecuaciones.<\/p>\n\n\n\n<p>Como parte de los primeros avances del estudio, se obtuvieron modelos de ecuaciones con las que se pueden obtener las tensiones o las sobrepresiones en las distintas fases fluidas.<\/p>\n\n\n\n<p>Tambi\u00e9n se obtienen variables principales que definen el funcionamiento del sistema como las fracciones volum\u00e9tricas, que ser\u00edan equivalentes a las porosidades en mec\u00e1nica de suelo, las densidades, presiones por fase y velocidades de flujo relativas.<\/p>\n\n\n\n<p><strong>Ciclo del pie<\/strong><\/p>\n\n\n\n<div class=\"wp-block-image\"><figure class=\"aligncenter\"><a href=\"https:\/\/medios.unne.edu.ar\/wp-content\/uploads\/notebokk.jpg\"><img src=\"https:\/\/medios.unne.edu.ar\/wp-content\/uploads\/notebokk.jpg\" alt=\"\" class=\"wp-image-45039\"\/><\/a><\/figure><\/div>\n\n\n\n<p>En tanto, para resolver las ecuaciones, \u201cse debe tener en cuenta el ciclo de la marcha del pie\u201d, explic\u00f3 el Ing. Beneyto.<\/p>\n\n\n\n<p>Es que el pie es sometido a una carga c\u00edclica, que incluye el ciclo de carga, dividido en una fase de carga cuando se apoya el pie y una fase de balanceo cuando el pie est\u00e1 en el aire para dar otro paso. A su vez, la fase de carga puede dividirse en la instancia de contacto cuando se apoya el tal\u00f3n, una fase media y otra fase de propulsi\u00f3n.<\/p>\n\n\n\n<p>La fase de propulsi\u00f3n, que suele ser la que m\u00e1s carga transmite a los tejidos del pie, tambi\u00e9n se divide en una fase de propulsi\u00f3n activa, desde que el pie est\u00e1 apoyado hasta que apoya el tal\u00f3n del otro pie, y una fase de despegue desde que apoya el otro pie hasta que se da el paso siguiente.<\/p>\n\n\n\n<p><strong>\u00abTodas esas fases espec\u00edficas del ciclo del pie debemos estudiar para observar los puntos donde deber\u00edamos hacer los an\u00e1lisis de las tensiones\u201d<\/strong>, resalt\u00f3.<\/p>\n\n\n\n<p>As\u00ed, conocidas las distintas tensiones, se podr\u00edan tratar de reducir al m\u00ednimo a partir del dise\u00f1o de la forma de aplicar ese ciclo de carga.<\/p>\n\n\n\n<p><strong>Perspectivas<\/strong><\/p>\n\n\n\n<p>Si bien el proyecto se encuentra en una etapa inicial, tienen gran expectativa en poder aprovechar los conocimientos desarrollados desde la mec\u00e1nica aplicada y computacional, para el abordaje de una tem\u00e1tica de relevancia sanitaria como lo es el pie diab\u00e9tico.<\/p>\n\n\n\n<p>\u201cBuscamos predecir el comportamiento viscoel\u00e1stico del tejido del pie y aportar herramientas que permitan anticipar zonas de riesgo\u201d, indicaron.<\/p>\n\n\n\n<p>Como parte de los objetivos del proyecto, se aspira en un futuro incluir la vascularizaci\u00f3n, evolucionar en simulaciones de modelos multiescalares y validar los resultados mediante comparaci\u00f3n con datos experimentales y cl\u00ednicos,<strong>&nbsp;con el objetivo de fortalecer la aplicabilidad del modelo en contextos reales.<\/strong><\/p>\n\n\n\n<blockquote class=\"wp-block-quote\"><p>\u00abEl objetivo es aportar a la b\u00fasqueda de alternativas para la reducci\u00f3n de tensiones en zonas que puedan conducir a ulceraciones\u00bb<\/p><\/blockquote>\n","protected":false},"excerpt":{"rendered":"<p>29-Abr-26 Investigadores de la Facultad de Ingenier\u00eda de la UNNE desarrollan un modelo matem\u00e1tico para predecir la aparici\u00f3n de \u00falceras en pie diab\u00e9tico, adaptando herramientas utilizadas en el estudio de suelos.<\/p>\n","protected":false},"author":3,"featured_media":363293,"comment_status":"closed","ping_status":"closed","sticky":false,"template":"","format":"standard","meta":[],"categories":[98],"tags":[],"_links":{"self":[{"href":"https:\/\/www.noticiasdelparana.com.ar\/NuevaEdicion\/wp-json\/wp\/v2\/posts\/363292"}],"collection":[{"href":"https:\/\/www.noticiasdelparana.com.ar\/NuevaEdicion\/wp-json\/wp\/v2\/posts"}],"about":[{"href":"https:\/\/www.noticiasdelparana.com.ar\/NuevaEdicion\/wp-json\/wp\/v2\/types\/post"}],"author":[{"embeddable":true,"href":"https:\/\/www.noticiasdelparana.com.ar\/NuevaEdicion\/wp-json\/wp\/v2\/users\/3"}],"replies":[{"embeddable":true,"href":"https:\/\/www.noticiasdelparana.com.ar\/NuevaEdicion\/wp-json\/wp\/v2\/comments?post=363292"}],"version-history":[{"count":1,"href":"https:\/\/www.noticiasdelparana.com.ar\/NuevaEdicion\/wp-json\/wp\/v2\/posts\/363292\/revisions"}],"predecessor-version":[{"id":363294,"href":"https:\/\/www.noticiasdelparana.com.ar\/NuevaEdicion\/wp-json\/wp\/v2\/posts\/363292\/revisions\/363294"}],"wp:featuredmedia":[{"embeddable":true,"href":"https:\/\/www.noticiasdelparana.com.ar\/NuevaEdicion\/wp-json\/wp\/v2\/media\/363293"}],"wp:attachment":[{"href":"https:\/\/www.noticiasdelparana.com.ar\/NuevaEdicion\/wp-json\/wp\/v2\/media?parent=363292"}],"wp:term":[{"taxonomy":"category","embeddable":true,"href":"https:\/\/www.noticiasdelparana.com.ar\/NuevaEdicion\/wp-json\/wp\/v2\/categories?post=363292"},{"taxonomy":"post_tag","embeddable":true,"href":"https:\/\/www.noticiasdelparana.com.ar\/NuevaEdicion\/wp-json\/wp\/v2\/tags?post=363292"}],"curies":[{"name":"wp","href":"https:\/\/api.w.org\/{rel}","templated":true}]}}