{"id":363301,"date":"2026-04-29T10:41:41","date_gmt":"2026-04-29T13:41:41","guid":{"rendered":"http:\/\/www.noticiasdelparana.com.ar\/NuevaEdicion\/?p=363301"},"modified":"2026-04-29T10:41:54","modified_gmt":"2026-04-29T13:41:54","slug":"puerto-vilelas-iniciaron-un-operativo-de-mejora-y-perfilado-de-calles-en-distintos-barrios","status":"publish","type":"post","link":"https:\/\/www.noticiasdelparana.com.ar\/NuevaEdicion\/2026\/04\/29\/puerto-vilelas-iniciaron-un-operativo-de-mejora-y-perfilado-de-calles-en-distintos-barrios\/","title":{"rendered":"PUERTO VILELAS: Iniciaron Un Operativo De Mejora Y Perfilado De Calles En Distintos Barrios"},"content":{"rendered":"\n<p>Seg\u00fan se inform\u00f3, estas tareas forman parte de un plan de intervenci\u00f3n que se desarrollar\u00e1 de manera progresiva en todos los barrios de la ciudad, con el objetivo de mejorar la transitabilidad y dar respuesta a las demandas de los vecinos.<\/p>\n\n\n\n<p>El operativo contempla el mantenimiento y acondicionamiento de las arterias urbanas, especialmente aquellas que presentan mayores dificultades tras las precipitaciones registradas en las \u00faltimas semanas.<\/p>\n\n\n\n<p>Desde el \u00e1rea municipal indicaron que los trabajos continuar\u00e1n avanzando en distintos sectores, con el fin de fortalecer la infraestructura vial y garantizar mejores condiciones de circulaci\u00f3n para toda la comunidad.<\/p>\n","protected":false},"excerpt":{"rendered":"<p>29-Abr-26 En la jornada de hoy comenzaron los trabajos de arreglo y perfilado de calles en la zona conocida como Tres y Cinco Bocas, en Puerto Vilelas, en el marco de un operativo impulsado por la Secretar\u00eda de Obras y Servicios P\u00fablicos.<\/p>\n","protected":false},"author":3,"featured_media":363302,"comment_status":"closed","ping_status":"closed","sticky":false,"template":"","format":"standard","meta":[],"categories":[108,101],"tags":[],"_links":{"self":[{"href":"https:\/\/www.noticiasdelparana.com.ar\/NuevaEdicion\/wp-json\/wp\/v2\/posts\/363301"}],"collection":[{"href":"https:\/\/www.noticiasdelparana.com.ar\/NuevaEdicion\/wp-json\/wp\/v2\/posts"}],"about":[{"href":"https:\/\/www.noticiasdelparana.com.ar\/NuevaEdicion\/wp-json\/wp\/v2\/types\/post"}],"author":[{"embeddable":true,"href":"https:\/\/www.noticiasdelparana.com.ar\/NuevaEdicion\/wp-json\/wp\/v2\/users\/3"}],"replies":[{"embeddable":true,"href":"https:\/\/www.noticiasdelparana.com.ar\/NuevaEdicion\/wp-json\/wp\/v2\/comments?post=363301"}],"version-history":[{"count":1,"href":"https:\/\/www.noticiasdelparana.com.ar\/NuevaEdicion\/wp-json\/wp\/v2\/posts\/363301\/revisions"}],"predecessor-version":[{"id":363303,"href":"https:\/\/www.noticiasdelparana.com.ar\/NuevaEdicion\/wp-json\/wp\/v2\/posts\/363301\/revisions\/363303"}],"wp:featuredmedia":[{"embeddable":true,"href":"https:\/\/www.noticiasdelparana.com.ar\/NuevaEdicion\/wp-json\/wp\/v2\/media\/363302"}],"wp:attachment":[{"href":"https:\/\/www.noticiasdelparana.com.ar\/NuevaEdicion\/wp-json\/wp\/v2\/media?parent=363301"}],"wp:term":[{"taxonomy":"category","embeddable":true,"href":"https:\/\/www.noticiasdelparana.com.ar\/NuevaEdicion\/wp-json\/wp\/v2\/categories?post=363301"},{"taxonomy":"post_tag","embeddable":true,"href":"https:\/\/www.noticiasdelparana.com.ar\/NuevaEdicion\/wp-json\/wp\/v2\/tags?post=363301"}],"curies":[{"name":"wp","href":"https:\/\/api.w.org\/{rel}","templated":true}]}}