{"id":363310,"date":"2026-04-29T12:24:03","date_gmt":"2026-04-29T15:24:03","guid":{"rendered":"http:\/\/www.noticiasdelparana.com.ar\/NuevaEdicion\/?p=363310"},"modified":"2026-04-29T12:24:07","modified_gmt":"2026-04-29T15:24:07","slug":"resistencia-villa-palermo-15-familias-recibieron-el-plano-de-mensura-aprobado","status":"publish","type":"post","link":"https:\/\/www.noticiasdelparana.com.ar\/NuevaEdicion\/2026\/04\/29\/resistencia-villa-palermo-15-familias-recibieron-el-plano-de-mensura-aprobado\/","title":{"rendered":"RESISTENCIA:     Villa Palermo: 15 Familias Recibieron El Plano De Mensura Aprobado"},"content":{"rendered":"\n<p>En la oportunidad, se entregaron los planos de mensura aprobados a 15 familias que aguardaban este avance desde hace casi dos d\u00e9cadas.<\/p>\n\n\n\n<p>Esta iniciativa permitir\u00e1 a los vecinos comenzar los tr\u00e1mites de compra de sus terrenos, garantizando la seguridad jur\u00eddica y la delimitaci\u00f3n de sus lotes. Se trata de un paso fundamental para la regularizaci\u00f3n de la tenencia de la tierra en la ciudad.<\/p>\n\n\n\n<p>Desde la Secretar\u00eda de Desarrollo Territorial se destac\u00f3 que, actualmente, se encuentran en ejecuci\u00f3n 60 planos de mensura, en su mayor\u00eda correspondientes a asentamientos, con el objetivo de ordenar y regularizar la ciudad. Estas acciones se realizan en coordinaci\u00f3n con el Gobierno Provincial y bajo la l\u00ednea de gesti\u00f3n marcada por el intendente Roy Nikisch.<\/p>\n","protected":false},"excerpt":{"rendered":"<p>29-Abr-26 La Municipalidad de Resistencia, a trav\u00e9s de la Secretar\u00eda de Desarrollo Territorial, concret\u00f3 una nueva reuni\u00f3n con vecinos del barrio Villa Palermo<\/p>\n","protected":false},"author":3,"featured_media":363311,"comment_status":"closed","ping_status":"closed","sticky":false,"template":"","format":"standard","meta":[],"categories":[102],"tags":[],"_links":{"self":[{"href":"https:\/\/www.noticiasdelparana.com.ar\/NuevaEdicion\/wp-json\/wp\/v2\/posts\/363310"}],"collection":[{"href":"https:\/\/www.noticiasdelparana.com.ar\/NuevaEdicion\/wp-json\/wp\/v2\/posts"}],"about":[{"href":"https:\/\/www.noticiasdelparana.com.ar\/NuevaEdicion\/wp-json\/wp\/v2\/types\/post"}],"author":[{"embeddable":true,"href":"https:\/\/www.noticiasdelparana.com.ar\/NuevaEdicion\/wp-json\/wp\/v2\/users\/3"}],"replies":[{"embeddable":true,"href":"https:\/\/www.noticiasdelparana.com.ar\/NuevaEdicion\/wp-json\/wp\/v2\/comments?post=363310"}],"version-history":[{"count":1,"href":"https:\/\/www.noticiasdelparana.com.ar\/NuevaEdicion\/wp-json\/wp\/v2\/posts\/363310\/revisions"}],"predecessor-version":[{"id":363312,"href":"https:\/\/www.noticiasdelparana.com.ar\/NuevaEdicion\/wp-json\/wp\/v2\/posts\/363310\/revisions\/363312"}],"wp:featuredmedia":[{"embeddable":true,"href":"https:\/\/www.noticiasdelparana.com.ar\/NuevaEdicion\/wp-json\/wp\/v2\/media\/363311"}],"wp:attachment":[{"href":"https:\/\/www.noticiasdelparana.com.ar\/NuevaEdicion\/wp-json\/wp\/v2\/media?parent=363310"}],"wp:term":[{"taxonomy":"category","embeddable":true,"href":"https:\/\/www.noticiasdelparana.com.ar\/NuevaEdicion\/wp-json\/wp\/v2\/categories?post=363310"},{"taxonomy":"post_tag","embeddable":true,"href":"https:\/\/www.noticiasdelparana.com.ar\/NuevaEdicion\/wp-json\/wp\/v2\/tags?post=363310"}],"curies":[{"name":"wp","href":"https:\/\/api.w.org\/{rel}","templated":true}]}}