{"id":363321,"date":"2026-04-29T13:04:57","date_gmt":"2026-04-29T16:04:57","guid":{"rendered":"http:\/\/www.noticiasdelparana.com.ar\/NuevaEdicion\/?p=363321"},"modified":"2026-04-29T13:05:00","modified_gmt":"2026-04-29T16:05:00","slug":"puerto-tirol-recuperan-una-maquina-desmalezadora","status":"publish","type":"post","link":"https:\/\/www.noticiasdelparana.com.ar\/NuevaEdicion\/2026\/04\/29\/puerto-tirol-recuperan-una-maquina-desmalezadora\/","title":{"rendered":"PUERTO TIROL: Recuperan Una M\u00e1quina Desmalezadora"},"content":{"rendered":"\n<p>Este martes a las 23, los agentes de la Comisar\u00eda de Puerto Tirol recuperaron una m\u00e1quina desmalezadora marca Gama, que hab\u00eda sido denunciada como sustra\u00edda por un hombre de 45 a\u00f1os, vecino del barrio Villa Elena.<\/p>\n\n\n\n<p>Tras tareas investigativas, los efectivos establecieron que el artefacto hab\u00eda sido adquirido de buena fe por un joven de 22 a\u00f1os, residente del Asentamiento San Francisco, quien al ser informado de la procedencia il\u00edcita del objeto lo entreg\u00f3 voluntariamente a la polic\u00eda.<\/p>\n\n\n\n<p>La Fiscal\u00eda Penal N\u00b0 6, a cargo de la Dra. Mariana Echarri, dispuso la restituci\u00f3n del elemento a su propietario. Adem\u00e1s contin\u00faan con la investigaci\u00f3n para detener al supuesto autor del hurto.<\/p>\n","protected":false},"excerpt":{"rendered":"<p>29-Abr-26 Un joven compr\u00f3 la herramienta.<\/p>\n","protected":false},"author":3,"featured_media":363322,"comment_status":"closed","ping_status":"closed","sticky":false,"template":"","format":"standard","meta":[],"categories":[100],"tags":[],"_links":{"self":[{"href":"https:\/\/www.noticiasdelparana.com.ar\/NuevaEdicion\/wp-json\/wp\/v2\/posts\/363321"}],"collection":[{"href":"https:\/\/www.noticiasdelparana.com.ar\/NuevaEdicion\/wp-json\/wp\/v2\/posts"}],"about":[{"href":"https:\/\/www.noticiasdelparana.com.ar\/NuevaEdicion\/wp-json\/wp\/v2\/types\/post"}],"author":[{"embeddable":true,"href":"https:\/\/www.noticiasdelparana.com.ar\/NuevaEdicion\/wp-json\/wp\/v2\/users\/3"}],"replies":[{"embeddable":true,"href":"https:\/\/www.noticiasdelparana.com.ar\/NuevaEdicion\/wp-json\/wp\/v2\/comments?post=363321"}],"version-history":[{"count":1,"href":"https:\/\/www.noticiasdelparana.com.ar\/NuevaEdicion\/wp-json\/wp\/v2\/posts\/363321\/revisions"}],"predecessor-version":[{"id":363323,"href":"https:\/\/www.noticiasdelparana.com.ar\/NuevaEdicion\/wp-json\/wp\/v2\/posts\/363321\/revisions\/363323"}],"wp:featuredmedia":[{"embeddable":true,"href":"https:\/\/www.noticiasdelparana.com.ar\/NuevaEdicion\/wp-json\/wp\/v2\/media\/363322"}],"wp:attachment":[{"href":"https:\/\/www.noticiasdelparana.com.ar\/NuevaEdicion\/wp-json\/wp\/v2\/media?parent=363321"}],"wp:term":[{"taxonomy":"category","embeddable":true,"href":"https:\/\/www.noticiasdelparana.com.ar\/NuevaEdicion\/wp-json\/wp\/v2\/categories?post=363321"},{"taxonomy":"post_tag","embeddable":true,"href":"https:\/\/www.noticiasdelparana.com.ar\/NuevaEdicion\/wp-json\/wp\/v2\/tags?post=363321"}],"curies":[{"name":"wp","href":"https:\/\/api.w.org\/{rel}","templated":true}]}}