{"id":363331,"date":"2026-04-29T13:09:28","date_gmt":"2026-04-29T16:09:28","guid":{"rendered":"http:\/\/www.noticiasdelparana.com.ar\/NuevaEdicion\/?p=363331"},"modified":"2026-04-29T13:09:32","modified_gmt":"2026-04-29T16:09:32","slug":"du-graty-detuvieron-a-un-joven-acusado-de-matar-a-un-perro","status":"publish","type":"post","link":"https:\/\/www.noticiasdelparana.com.ar\/NuevaEdicion\/2026\/04\/29\/du-graty-detuvieron-a-un-joven-acusado-de-matar-a-un-perro\/","title":{"rendered":"DU GRATY: Detuvieron A Un Joven Acusado De Matar A Un Perro"},"content":{"rendered":"\n<p>Un joven de 22 a\u00f1os fue aprehendido en la localidad de Coronel Du Graty, en el marco de una investigaci\u00f3n por supuesta crueldad animal, luego de ser se\u00f1alado como presunto responsable de la muerte de un perro de raza pitbull.<\/p>\n\n\n\n<p>La denuncia fue radicada durante la ma\u00f1ana del martes por el due\u00f1o del animal, un hombre de 45 a\u00f1os domiciliado en el Barrio Vaticano, quien manifest\u00f3 que al regresar a su vivienda tom\u00f3 conocimiento por parte de un familiar de que su can hab\u00eda sido hallado sin vida sobre la calle, frente al inmueble.<\/p>\n\n\n\n<p>Posteriormente, vecinos le habr\u00edan indicado que un joven del mismo barrio ser\u00eda quien ocasion\u00f3 lesiones al animal utilizando un palo, provoc\u00e1ndole la muerte.<\/p>\n\n\n\n<p>Finalmente, el se\u00f1alado fue conducido desde la vereda de su domicilio y qued\u00f3 aprehendido por disposici\u00f3n de la Fiscal\u00eda en turno que dispuso la aprehensi\u00f3n del presunto autor en una causa por supuesta crueldad animal<\/p>\n","protected":false},"excerpt":{"rendered":"<p>29-Abr-26 La intervenci\u00f3n policial se concret\u00f3 tras la denuncia del propietario del animal.<\/p>\n","protected":false},"author":4,"featured_media":363325,"comment_status":"closed","ping_status":"closed","sticky":false,"template":"","format":"standard","meta":[],"categories":[103],"tags":[],"_links":{"self":[{"href":"https:\/\/www.noticiasdelparana.com.ar\/NuevaEdicion\/wp-json\/wp\/v2\/posts\/363331"}],"collection":[{"href":"https:\/\/www.noticiasdelparana.com.ar\/NuevaEdicion\/wp-json\/wp\/v2\/posts"}],"about":[{"href":"https:\/\/www.noticiasdelparana.com.ar\/NuevaEdicion\/wp-json\/wp\/v2\/types\/post"}],"author":[{"embeddable":true,"href":"https:\/\/www.noticiasdelparana.com.ar\/NuevaEdicion\/wp-json\/wp\/v2\/users\/4"}],"replies":[{"embeddable":true,"href":"https:\/\/www.noticiasdelparana.com.ar\/NuevaEdicion\/wp-json\/wp\/v2\/comments?post=363331"}],"version-history":[{"count":1,"href":"https:\/\/www.noticiasdelparana.com.ar\/NuevaEdicion\/wp-json\/wp\/v2\/posts\/363331\/revisions"}],"predecessor-version":[{"id":363333,"href":"https:\/\/www.noticiasdelparana.com.ar\/NuevaEdicion\/wp-json\/wp\/v2\/posts\/363331\/revisions\/363333"}],"wp:featuredmedia":[{"embeddable":true,"href":"https:\/\/www.noticiasdelparana.com.ar\/NuevaEdicion\/wp-json\/wp\/v2\/media\/363325"}],"wp:attachment":[{"href":"https:\/\/www.noticiasdelparana.com.ar\/NuevaEdicion\/wp-json\/wp\/v2\/media?parent=363331"}],"wp:term":[{"taxonomy":"category","embeddable":true,"href":"https:\/\/www.noticiasdelparana.com.ar\/NuevaEdicion\/wp-json\/wp\/v2\/categories?post=363331"},{"taxonomy":"post_tag","embeddable":true,"href":"https:\/\/www.noticiasdelparana.com.ar\/NuevaEdicion\/wp-json\/wp\/v2\/tags?post=363331"}],"curies":[{"name":"wp","href":"https:\/\/api.w.org\/{rel}","templated":true}]}}