{"id":363332,"date":"2026-04-29T13:10:54","date_gmt":"2026-04-29T16:10:54","guid":{"rendered":"http:\/\/www.noticiasdelparana.com.ar\/NuevaEdicion\/?p=363332"},"modified":"2026-04-29T13:10:58","modified_gmt":"2026-04-29T16:10:58","slug":"resistencia-juanse-bruzo-vuelve-a-sala-88-con-su-nuevo-show-de-stand-up-es-todo-un-tema","status":"publish","type":"post","link":"https:\/\/www.noticiasdelparana.com.ar\/NuevaEdicion\/2026\/04\/29\/resistencia-juanse-bruzo-vuelve-a-sala-88-con-su-nuevo-show-de-stand-up-es-todo-un-tema\/","title":{"rendered":"RESISTENCIA:     Juanse Bruz\u00f3 Vuelve A Sala 88 Con Su Nuevo Show De Stand Up Es Todo Un Tema"},"content":{"rendered":"\n<p>&nbsp;La funci\u00f3n ser\u00e1 a las 22 en las instalaciones de la cooperativa, French 845. Las entradas anticipadas se pueden comprar al 3624000385.&nbsp;<\/p>\n\n\n\n<p>Juanse Buz\u00f3 uno de los comediantes de stand up m\u00e1s reconocidos en Paraguay, llega con un nuevo unipersonal, donde condensa su mirada singular sobre la vida cotidiana, las peque\u00f1as y no tan peque\u00f1as tragedias y los absurdos que no toca vivir. Con catorce a\u00f1os en el g\u00e9nero, reafirma aqu\u00ed ese equilibrio entre la an\u00e9cdota \u00edntima y el remate filoso que le caracteriza.&nbsp;<\/p>\n\n\n\n<p>Su mon\u00f3logo arranca con el relato de un encuentro improvisado en el subsuelo de su edificio: una conversaci\u00f3n nocturna entre tres vecinos que se transforma en un di\u00e1logo totalmente absurdo y marca el tono de la velada. A partir de ah\u00ed, despliega versiones renovadas de temas recurrentes en sus anteriores repertorios.<\/p>\n\n\n\n<p>En los \u00faltimos 15 minutos el tono sube: el comediante ofrece un discurso m\u00e1s cr\u00edtico sobre el status quo religioso, los santos, los \u00faltimos d\u00edas de su abuela y la culpa promovida por la religi\u00f3n. Es as\u00ed donde el espect\u00e1culo se vuelve contundente sin perder la gracia: humor y reflexi\u00f3n se combinan para dejar al p\u00fablico pensando tanto como riendo.<\/p>\n\n\n\n<p>Hay m\u00e1s sorpresas que vale la pena descubrir en vivo, Juanse te invita a ver los infortunios y las rarezas de la vida con otros lentes\u2026 y a re\u00edrte a carcajadas. Perfecto plan para salir, divertirte y volver con algo para comentar o simplemente decir despu\u00e9s del show\u2026 \u00a1Eso fue todo un tema!<\/p>\n\n\n\n<p>Debido a su contenido sin censura el show no est\u00e1 permitido el ingreso a menores de 13 a\u00f1os.&nbsp;<\/p>\n","protected":false},"excerpt":{"rendered":"<p>29-Abr-26 Este s\u00e1bado 2 de mayo llega a Sala 88 el unipersonal de stand up \u201cEs todo un tema\u201d de Juanse Buz\u00f3, que vuelve a la ciudad por segunda vez.<\/p>\n","protected":false},"author":3,"featured_media":363336,"comment_status":"closed","ping_status":"closed","sticky":false,"template":"","format":"standard","meta":[],"categories":[105],"tags":[],"_links":{"self":[{"href":"https:\/\/www.noticiasdelparana.com.ar\/NuevaEdicion\/wp-json\/wp\/v2\/posts\/363332"}],"collection":[{"href":"https:\/\/www.noticiasdelparana.com.ar\/NuevaEdicion\/wp-json\/wp\/v2\/posts"}],"about":[{"href":"https:\/\/www.noticiasdelparana.com.ar\/NuevaEdicion\/wp-json\/wp\/v2\/types\/post"}],"author":[{"embeddable":true,"href":"https:\/\/www.noticiasdelparana.com.ar\/NuevaEdicion\/wp-json\/wp\/v2\/users\/3"}],"replies":[{"embeddable":true,"href":"https:\/\/www.noticiasdelparana.com.ar\/NuevaEdicion\/wp-json\/wp\/v2\/comments?post=363332"}],"version-history":[{"count":1,"href":"https:\/\/www.noticiasdelparana.com.ar\/NuevaEdicion\/wp-json\/wp\/v2\/posts\/363332\/revisions"}],"predecessor-version":[{"id":363337,"href":"https:\/\/www.noticiasdelparana.com.ar\/NuevaEdicion\/wp-json\/wp\/v2\/posts\/363332\/revisions\/363337"}],"wp:featuredmedia":[{"embeddable":true,"href":"https:\/\/www.noticiasdelparana.com.ar\/NuevaEdicion\/wp-json\/wp\/v2\/media\/363336"}],"wp:attachment":[{"href":"https:\/\/www.noticiasdelparana.com.ar\/NuevaEdicion\/wp-json\/wp\/v2\/media?parent=363332"}],"wp:term":[{"taxonomy":"category","embeddable":true,"href":"https:\/\/www.noticiasdelparana.com.ar\/NuevaEdicion\/wp-json\/wp\/v2\/categories?post=363332"},{"taxonomy":"post_tag","embeddable":true,"href":"https:\/\/www.noticiasdelparana.com.ar\/NuevaEdicion\/wp-json\/wp\/v2\/tags?post=363332"}],"curies":[{"name":"wp","href":"https:\/\/api.w.org\/{rel}","templated":true}]}}