{"id":363334,"date":"2026-04-29T13:10:45","date_gmt":"2026-04-29T16:10:45","guid":{"rendered":"http:\/\/www.noticiasdelparana.com.ar\/NuevaEdicion\/?p=363334"},"modified":"2026-04-29T13:10:49","modified_gmt":"2026-04-29T16:10:49","slug":"resistencia-hallaron-sano-y-salvo-al-joven-que-era-buscado-hace-tres-dias","status":"publish","type":"post","link":"https:\/\/www.noticiasdelparana.com.ar\/NuevaEdicion\/2026\/04\/29\/resistencia-hallaron-sano-y-salvo-al-joven-que-era-buscado-hace-tres-dias\/","title":{"rendered":"RESISTENCIA: Hallaron Sano Y Salvo Al Joven Que Era Buscado Hace Tres D\u00edas"},"content":{"rendered":"\n<p>Efectivos policiales lograron establecer el paradero de Ernesto Fabi\u00e1n Romero, de 27 a\u00f1os, quien era buscado tras una denuncia radicada en la Comisar\u00eda S\u00e9ptima de Resistencia.<\/p>\n\n\n\n<p>El joven hab\u00eda sido visto por \u00faltima vez el pasado 26 de abril en inmediaciones de avenida Alberdi y Fort\u00edn Rivadavia, por lo que se hab\u00eda activado el pedido de colaboraci\u00f3n a la comunidad para obtener informaci\u00f3n sobre su ubicaci\u00f3n.<\/p>\n\n\n\n<p>Luego de tareas investigativas y averiguaciones realizadas por personal policial, finalmente fue hallado en buen estado de salud, por lo que qued\u00f3 sin efecto la solicitud de paradero vigente.<\/p>\n\n\n\n<p>Desde la Polic\u00eda se agradece la colaboraci\u00f3n brindada por vecinos y medios de comunicaci\u00f3n durante la b\u00fasqueda.<\/p>\n","protected":false},"excerpt":{"rendered":"<p>29-Abr-26 La Polic\u00eda del Chaco confirm\u00f3 su localizaci\u00f3n y dej\u00f3 sin efecto la solicitud de paradero.<\/p>\n","protected":false},"author":4,"featured_media":363326,"comment_status":"closed","ping_status":"closed","sticky":false,"template":"","format":"standard","meta":[],"categories":[103],"tags":[],"_links":{"self":[{"href":"https:\/\/www.noticiasdelparana.com.ar\/NuevaEdicion\/wp-json\/wp\/v2\/posts\/363334"}],"collection":[{"href":"https:\/\/www.noticiasdelparana.com.ar\/NuevaEdicion\/wp-json\/wp\/v2\/posts"}],"about":[{"href":"https:\/\/www.noticiasdelparana.com.ar\/NuevaEdicion\/wp-json\/wp\/v2\/types\/post"}],"author":[{"embeddable":true,"href":"https:\/\/www.noticiasdelparana.com.ar\/NuevaEdicion\/wp-json\/wp\/v2\/users\/4"}],"replies":[{"embeddable":true,"href":"https:\/\/www.noticiasdelparana.com.ar\/NuevaEdicion\/wp-json\/wp\/v2\/comments?post=363334"}],"version-history":[{"count":1,"href":"https:\/\/www.noticiasdelparana.com.ar\/NuevaEdicion\/wp-json\/wp\/v2\/posts\/363334\/revisions"}],"predecessor-version":[{"id":363335,"href":"https:\/\/www.noticiasdelparana.com.ar\/NuevaEdicion\/wp-json\/wp\/v2\/posts\/363334\/revisions\/363335"}],"wp:featuredmedia":[{"embeddable":true,"href":"https:\/\/www.noticiasdelparana.com.ar\/NuevaEdicion\/wp-json\/wp\/v2\/media\/363326"}],"wp:attachment":[{"href":"https:\/\/www.noticiasdelparana.com.ar\/NuevaEdicion\/wp-json\/wp\/v2\/media?parent=363334"}],"wp:term":[{"taxonomy":"category","embeddable":true,"href":"https:\/\/www.noticiasdelparana.com.ar\/NuevaEdicion\/wp-json\/wp\/v2\/categories?post=363334"},{"taxonomy":"post_tag","embeddable":true,"href":"https:\/\/www.noticiasdelparana.com.ar\/NuevaEdicion\/wp-json\/wp\/v2\/tags?post=363334"}],"curies":[{"name":"wp","href":"https:\/\/api.w.org\/{rel}","templated":true}]}}