{"id":363338,"date":"2026-04-29T13:16:51","date_gmt":"2026-04-29T16:16:51","guid":{"rendered":"http:\/\/www.noticiasdelparana.com.ar\/NuevaEdicion\/?p=363338"},"modified":"2026-04-29T13:16:55","modified_gmt":"2026-04-29T16:16:55","slug":"resistencia-cecual-presentaran-el-poemario-el-corazon-de-la-luz-del-periodista-y-escritor-paulo-ferreyra","status":"publish","type":"post","link":"https:\/\/www.noticiasdelparana.com.ar\/NuevaEdicion\/2026\/04\/29\/resistencia-cecual-presentaran-el-poemario-el-corazon-de-la-luz-del-periodista-y-escritor-paulo-ferreyra\/","title":{"rendered":"RESISTENCIA: Cecual: Presentar\u00e1n El Poemario \u201cEl Coraz\u00f3n De La Luz\u201d, Del Periodista Y Escritor Paulo Ferreyra"},"content":{"rendered":"\n<p>&nbsp;Lo acompa\u00f1ar\u00e1n Patricia Galv\u00e1n, Claudia Gatti, Patricio Hermosilla y Librer\u00eda El \u00c1rbol Amarillo.<\/p>\n\n\n\n<p>\u201cEl coraz\u00f3n de la luz\u201d es el primer libro de poes\u00eda de Paulo luego de participar en diversas antolog\u00edas. Un poemario que nace de la paternidad, del amor y de la amorosidad de los v\u00ednculos. El autor agradece especialmente a Roberta Iannamico por su acompa\u00f1amiento po\u00e9tico, a Claudia Gatti por la ilustraci\u00f3n de tapa, y a su familia, amigos y amigas por el apoyo constante.<\/p>\n\n\n\n<p>&#8220;Agradezco infinitamente a mis hijos y a su mam\u00e1. A Roberta Iannamico, cuya amorosidad y escritura po\u00e9tica \u00fanica me acompa\u00f1aron para cerrar este libro. A la gran artista Claudia Gatti quien con paciencia, trabajo y arte inmenso realiz\u00f3 la maravillosa ilustraci\u00f3n de tapa. A los amigos y amigas que siempre apoyaron la escritura, y a la familia&#8221;, expres\u00f3 el autor.<\/p>\n\n\n\n<p>&#8220;Quiero corresponder al cari\u00f1o, respeto y admiraci\u00f3n que me acerca a Halley Ediciones. Sin su labor este libro no ser\u00eda posible. Creo que hay que tener sue\u00f1os y esos sue\u00f1os hay que trabajarlos. Me apoyo en eso y, de alguna manera, con Halley Ediciones lo hicimos. Salud por ello&#8221;, coment\u00f3.<\/p>\n\n\n\n<p>Sobre Paulo Ferreyra<\/p>\n\n\n\n<p>Paulo es oriundo de San Jos\u00e9, Misiones, pueblo de tierra roja, de \u00e1rboles frondosos, patios amplios, amigues y familia pegada a la piel. Fue sodero, electricista, pintor y jardinero. Algunas de esas cosas las sigue haciendo. Vend\u00eda billetes de loter\u00eda tambi\u00e9n. Alejado de Misiones y radicado en Corrientes empez\u00f3 la facultad. Cuando era estudiante tambi\u00e9n vend\u00eda diarios. Al finalizar la carrera de periodismo comenz\u00f3 a trabajar en medios de prensa, p\u00e1ginas webs y diarios.<\/p>\n\n\n\n<p>Tiene dos hijos. Lee. Escribe y hace periodismo cultural. Avanz\u00f3 y avanza a trompicones. A\u00fan tiene errores ortogr\u00e1ficos.<\/p>\n\n\n\n<p>Cre\u00f3 www.\u00f1eepora.com.ar, un blog y revista cultural. Public\u00f3 adem\u00e1s el libro period\u00edstico \u201cViracambota, chamam\u00e9 canci\u00f3n\u201d.<\/p>\n","protected":false},"excerpt":{"rendered":"<p>-29-Abr-26   El jueves 7 de mayo, a las 20.30 en el Cecual, el periodista y poeta Paulo Ferreyra presentar\u00e1 su poemario \u201cEl coraz\u00f3n de la luz\u201d, publicado recientemente por Halley Ediciones.<\/p>\n","protected":false},"author":3,"featured_media":363339,"comment_status":"closed","ping_status":"closed","sticky":false,"template":"","format":"standard","meta":[],"categories":[105],"tags":[],"_links":{"self":[{"href":"https:\/\/www.noticiasdelparana.com.ar\/NuevaEdicion\/wp-json\/wp\/v2\/posts\/363338"}],"collection":[{"href":"https:\/\/www.noticiasdelparana.com.ar\/NuevaEdicion\/wp-json\/wp\/v2\/posts"}],"about":[{"href":"https:\/\/www.noticiasdelparana.com.ar\/NuevaEdicion\/wp-json\/wp\/v2\/types\/post"}],"author":[{"embeddable":true,"href":"https:\/\/www.noticiasdelparana.com.ar\/NuevaEdicion\/wp-json\/wp\/v2\/users\/3"}],"replies":[{"embeddable":true,"href":"https:\/\/www.noticiasdelparana.com.ar\/NuevaEdicion\/wp-json\/wp\/v2\/comments?post=363338"}],"version-history":[{"count":1,"href":"https:\/\/www.noticiasdelparana.com.ar\/NuevaEdicion\/wp-json\/wp\/v2\/posts\/363338\/revisions"}],"predecessor-version":[{"id":363340,"href":"https:\/\/www.noticiasdelparana.com.ar\/NuevaEdicion\/wp-json\/wp\/v2\/posts\/363338\/revisions\/363340"}],"wp:featuredmedia":[{"embeddable":true,"href":"https:\/\/www.noticiasdelparana.com.ar\/NuevaEdicion\/wp-json\/wp\/v2\/media\/363339"}],"wp:attachment":[{"href":"https:\/\/www.noticiasdelparana.com.ar\/NuevaEdicion\/wp-json\/wp\/v2\/media?parent=363338"}],"wp:term":[{"taxonomy":"category","embeddable":true,"href":"https:\/\/www.noticiasdelparana.com.ar\/NuevaEdicion\/wp-json\/wp\/v2\/categories?post=363338"},{"taxonomy":"post_tag","embeddable":true,"href":"https:\/\/www.noticiasdelparana.com.ar\/NuevaEdicion\/wp-json\/wp\/v2\/tags?post=363338"}],"curies":[{"name":"wp","href":"https:\/\/api.w.org\/{rel}","templated":true}]}}