{"id":363356,"date":"2026-04-29T14:44:14","date_gmt":"2026-04-29T17:44:14","guid":{"rendered":"http:\/\/www.noticiasdelparana.com.ar\/NuevaEdicion\/?p=363356"},"modified":"2026-04-29T14:44:16","modified_gmt":"2026-04-29T17:44:16","slug":"chaco-amplia-convocatoria-en-la-plaza-25-de-mayo-para-acceder-a-vacunas-gratuitas","status":"publish","type":"post","link":"https:\/\/www.noticiasdelparana.com.ar\/NuevaEdicion\/2026\/04\/29\/chaco-amplia-convocatoria-en-la-plaza-25-de-mayo-para-acceder-a-vacunas-gratuitas\/","title":{"rendered":"CHACO:   Amplia Convocatoria En La Plaza 25 De Mayo Para Acceder A Vacunas Gratuitas"},"content":{"rendered":"\n<p>La jornada estuvo destinada a toda la comunidad, con especial \u00e9nfasis en ni\u00f1os, personas con factores de riesgo y mayores de 65 a\u00f1os. No obstante, tambi\u00e9n pudieron acercarse quienes necesiten iniciar o completar esquemas de vacunaci\u00f3n, as\u00ed como acceder a dosis de refuerzo.<\/p>\n\n\n\n<p>El director de Enfermer\u00eda, Pedro Villalba, destac\u00f3 la participaci\u00f3n de la poblaci\u00f3n y remarc\u00f3 la importancia de la prevenci\u00f3n. \u201cInvitamos a la comunidad a acercarse a las postas de vacunaci\u00f3n. Debemos estar siempre un paso delante de la enfermedad y eso se logra a trav\u00e9s de la vacunaci\u00f3n\u201d, expres\u00f3.<\/p>\n\n\n\n<p>Asimismo, subray\u00f3 que \u201cest\u00e1 cient\u00edficamente comprobado que las vacunas salvan vidas, por lo que es fundamental que la poblaci\u00f3n concurra a cualquier punto de vacunaci\u00f3n disponible\u201d.<\/p>\n\n\n\n<p>Estas acciones se enmarcan en la 24\u00b0 Semana de la Vacunaci\u00f3n en las Am\u00e9ricas y la 15\u00b0 Semana Mundial de la Inmunizaci\u00f3n, impulsadas por la Organizaci\u00f3n Panamericana de la Salud (OPS), bajo el lema \u201cTu decisi\u00f3n marca la diferencia. Inmunizaci\u00f3n para todos\u201d.<\/p>\n\n\n\n<p>Desde la cartera sanitaria provincial reiteraron la importancia de sostener altas coberturas de vacunaci\u00f3n como herramienta clave para prevenir enfermedades y proteger la salud p\u00fablica.<\/p>\n","protected":false},"excerpt":{"rendered":"<p>29-Abr-26 El Ministerio de Salud llev\u00f3 adelante este mi\u00e9rcoles un nuevo operativo de vacunaci\u00f3n en la plaza 25 de Mayo de Resistencia, donde se aplicaron dosis correspondientes al Calendario Nacional, antigripal, COVID-19 y Qdenga.<\/p>\n","protected":false},"author":3,"featured_media":363357,"comment_status":"closed","ping_status":"closed","sticky":false,"template":"","format":"standard","meta":[],"categories":[98],"tags":[],"_links":{"self":[{"href":"https:\/\/www.noticiasdelparana.com.ar\/NuevaEdicion\/wp-json\/wp\/v2\/posts\/363356"}],"collection":[{"href":"https:\/\/www.noticiasdelparana.com.ar\/NuevaEdicion\/wp-json\/wp\/v2\/posts"}],"about":[{"href":"https:\/\/www.noticiasdelparana.com.ar\/NuevaEdicion\/wp-json\/wp\/v2\/types\/post"}],"author":[{"embeddable":true,"href":"https:\/\/www.noticiasdelparana.com.ar\/NuevaEdicion\/wp-json\/wp\/v2\/users\/3"}],"replies":[{"embeddable":true,"href":"https:\/\/www.noticiasdelparana.com.ar\/NuevaEdicion\/wp-json\/wp\/v2\/comments?post=363356"}],"version-history":[{"count":1,"href":"https:\/\/www.noticiasdelparana.com.ar\/NuevaEdicion\/wp-json\/wp\/v2\/posts\/363356\/revisions"}],"predecessor-version":[{"id":363358,"href":"https:\/\/www.noticiasdelparana.com.ar\/NuevaEdicion\/wp-json\/wp\/v2\/posts\/363356\/revisions\/363358"}],"wp:featuredmedia":[{"embeddable":true,"href":"https:\/\/www.noticiasdelparana.com.ar\/NuevaEdicion\/wp-json\/wp\/v2\/media\/363357"}],"wp:attachment":[{"href":"https:\/\/www.noticiasdelparana.com.ar\/NuevaEdicion\/wp-json\/wp\/v2\/media?parent=363356"}],"wp:term":[{"taxonomy":"category","embeddable":true,"href":"https:\/\/www.noticiasdelparana.com.ar\/NuevaEdicion\/wp-json\/wp\/v2\/categories?post=363356"},{"taxonomy":"post_tag","embeddable":true,"href":"https:\/\/www.noticiasdelparana.com.ar\/NuevaEdicion\/wp-json\/wp\/v2\/tags?post=363356"}],"curies":[{"name":"wp","href":"https:\/\/api.w.org\/{rel}","templated":true}]}}