{"id":363453,"date":"2026-04-30T08:07:36","date_gmt":"2026-04-30T11:07:36","guid":{"rendered":"http:\/\/www.noticiasdelparana.com.ar\/NuevaEdicion\/?p=363453"},"modified":"2026-04-30T08:07:42","modified_gmt":"2026-04-30T11:07:42","slug":"san-martin-rapida-investigacion-policial-permitio-demorar-a-dos-presuntos-autores-de-un-robo","status":"publish","type":"post","link":"https:\/\/www.noticiasdelparana.com.ar\/NuevaEdicion\/2026\/04\/30\/san-martin-rapida-investigacion-policial-permitio-demorar-a-dos-presuntos-autores-de-un-robo\/","title":{"rendered":"SAN MART\u00cdN:  R\u00e1pida Investigaci\u00f3n Policial Permiti\u00f3 Demorar A Dos Presuntos Autores De Un Robo"},"content":{"rendered":"\n<p>El hecho fue denunciado por una mujer de 65 a\u00f1os, quien manifest\u00f3 que mientras circulaba en bicicleta por avenida Los Pioneros fue interceptada por tres sujetos, quienes la hicieron caer y le sustrajeron una mochila con pertenencias personales.<\/p>\n\n\n\n<p>Tras tareas investigativas realizadas por efectivos del servicio externo y guardia de prevenci\u00f3n, se logr\u00f3 identificar y demorar a dos sospechosos, de 25 y 36 a\u00f1os, cuyas caracter\u00edsticas f\u00edsicas y vestimentas coincid\u00edan con las aportadas por la denunciante.<\/p>\n\n\n\n<p>Por disposici\u00f3n de la Fiscal\u00eda interviniente, ambos fueron notificados de su aprehensi\u00f3n en la causa \u201cSupuesto Robo\u201d, adem\u00e1s del secuestro de prendas de vestir de inter\u00e9s para la investigaci\u00f3n. Contin\u00faan las tareas para identificar y localizar al tercer involucrado.<\/p>\n","protected":false},"excerpt":{"rendered":"<p>30-Abr-26 Personal policial de General San Mart\u00edn logr\u00f3 la demora de dos hombres se\u00f1alados como presuntos autores de un robo ocurrido en el barrio 156 Viviendas.<\/p>\n","protected":false},"author":3,"featured_media":363454,"comment_status":"closed","ping_status":"closed","sticky":false,"template":"","format":"standard","meta":[],"categories":[103],"tags":[],"_links":{"self":[{"href":"https:\/\/www.noticiasdelparana.com.ar\/NuevaEdicion\/wp-json\/wp\/v2\/posts\/363453"}],"collection":[{"href":"https:\/\/www.noticiasdelparana.com.ar\/NuevaEdicion\/wp-json\/wp\/v2\/posts"}],"about":[{"href":"https:\/\/www.noticiasdelparana.com.ar\/NuevaEdicion\/wp-json\/wp\/v2\/types\/post"}],"author":[{"embeddable":true,"href":"https:\/\/www.noticiasdelparana.com.ar\/NuevaEdicion\/wp-json\/wp\/v2\/users\/3"}],"replies":[{"embeddable":true,"href":"https:\/\/www.noticiasdelparana.com.ar\/NuevaEdicion\/wp-json\/wp\/v2\/comments?post=363453"}],"version-history":[{"count":1,"href":"https:\/\/www.noticiasdelparana.com.ar\/NuevaEdicion\/wp-json\/wp\/v2\/posts\/363453\/revisions"}],"predecessor-version":[{"id":363455,"href":"https:\/\/www.noticiasdelparana.com.ar\/NuevaEdicion\/wp-json\/wp\/v2\/posts\/363453\/revisions\/363455"}],"wp:featuredmedia":[{"embeddable":true,"href":"https:\/\/www.noticiasdelparana.com.ar\/NuevaEdicion\/wp-json\/wp\/v2\/media\/363454"}],"wp:attachment":[{"href":"https:\/\/www.noticiasdelparana.com.ar\/NuevaEdicion\/wp-json\/wp\/v2\/media?parent=363453"}],"wp:term":[{"taxonomy":"category","embeddable":true,"href":"https:\/\/www.noticiasdelparana.com.ar\/NuevaEdicion\/wp-json\/wp\/v2\/categories?post=363453"},{"taxonomy":"post_tag","embeddable":true,"href":"https:\/\/www.noticiasdelparana.com.ar\/NuevaEdicion\/wp-json\/wp\/v2\/tags?post=363453"}],"curies":[{"name":"wp","href":"https:\/\/api.w.org\/{rel}","templated":true}]}}