{"id":363483,"date":"2026-04-30T09:14:07","date_gmt":"2026-04-30T12:14:07","guid":{"rendered":"http:\/\/www.noticiasdelparana.com.ar\/NuevaEdicion\/?p=363483"},"modified":"2026-04-30T09:14:11","modified_gmt":"2026-04-30T12:14:11","slug":"barranqueras-celebraron-el-dia-del-animal-con-una-jornada-de-vacunacion-y-concientizacion","status":"publish","type":"post","link":"https:\/\/www.noticiasdelparana.com.ar\/NuevaEdicion\/2026\/04\/30\/barranqueras-celebraron-el-dia-del-animal-con-una-jornada-de-vacunacion-y-concientizacion\/","title":{"rendered":"BARRANQUERAS: Celebraron El D\u00eda Del Animal Con Una Jornada De Vacunaci\u00f3n Y Concientizaci\u00f3n"},"content":{"rendered":"\n<p>Durante la actividad, se realizaron vacunaciones antirr\u00e1bicas y desparasitaciones para perros y gatos, con una numerosa participaci\u00f3n de vecinos que se acercaron junto a sus animales. Desde la comuna destacaron la importancia de estas acciones preventivas para garantizar el bienestar de las mascotas y evitar la propagaci\u00f3n de enfermedades.<\/p>\n\n\n\n<p>Asimismo, el equipo de Salud estuvo presente aplicando vacunas correspondientes al calendario nacional y dosis antigripales, ampliando el alcance de la jornada hacia la atenci\u00f3n integral de la poblaci\u00f3n.<\/p>\n\n\n\n<p>Desde el municipio se\u00f1alaron que este tipo de iniciativas buscan generar conciencia sobre la tenencia responsable y fortalecer pol\u00edticas p\u00fablicas vinculadas a la salud comunitaria, destacando que \u201cla mejor manera de celebrar es cuidando a nuestros animales y a toda la comunidad\u201d.<\/p>\n","protected":false},"excerpt":{"rendered":"<p>30-Abr-26 En el marco del D\u00eda del Animal, conmemorado el 29 de abril, la Municipalidad de Barranqueras llev\u00f3 adelante una jornada integral en la Plaza Sarmiento, orientada a promover el cuidado y la salud tanto de las mascotas como de la comunidad.<\/p>\n","protected":false},"author":3,"featured_media":363485,"comment_status":"closed","ping_status":"closed","sticky":false,"template":"","format":"standard","meta":[],"categories":[99,108],"tags":[],"_links":{"self":[{"href":"https:\/\/www.noticiasdelparana.com.ar\/NuevaEdicion\/wp-json\/wp\/v2\/posts\/363483"}],"collection":[{"href":"https:\/\/www.noticiasdelparana.com.ar\/NuevaEdicion\/wp-json\/wp\/v2\/posts"}],"about":[{"href":"https:\/\/www.noticiasdelparana.com.ar\/NuevaEdicion\/wp-json\/wp\/v2\/types\/post"}],"author":[{"embeddable":true,"href":"https:\/\/www.noticiasdelparana.com.ar\/NuevaEdicion\/wp-json\/wp\/v2\/users\/3"}],"replies":[{"embeddable":true,"href":"https:\/\/www.noticiasdelparana.com.ar\/NuevaEdicion\/wp-json\/wp\/v2\/comments?post=363483"}],"version-history":[{"count":1,"href":"https:\/\/www.noticiasdelparana.com.ar\/NuevaEdicion\/wp-json\/wp\/v2\/posts\/363483\/revisions"}],"predecessor-version":[{"id":363487,"href":"https:\/\/www.noticiasdelparana.com.ar\/NuevaEdicion\/wp-json\/wp\/v2\/posts\/363483\/revisions\/363487"}],"wp:featuredmedia":[{"embeddable":true,"href":"https:\/\/www.noticiasdelparana.com.ar\/NuevaEdicion\/wp-json\/wp\/v2\/media\/363485"}],"wp:attachment":[{"href":"https:\/\/www.noticiasdelparana.com.ar\/NuevaEdicion\/wp-json\/wp\/v2\/media?parent=363483"}],"wp:term":[{"taxonomy":"category","embeddable":true,"href":"https:\/\/www.noticiasdelparana.com.ar\/NuevaEdicion\/wp-json\/wp\/v2\/categories?post=363483"},{"taxonomy":"post_tag","embeddable":true,"href":"https:\/\/www.noticiasdelparana.com.ar\/NuevaEdicion\/wp-json\/wp\/v2\/tags?post=363483"}],"curies":[{"name":"wp","href":"https:\/\/api.w.org\/{rel}","templated":true}]}}