{"id":363484,"date":"2026-04-30T09:14:12","date_gmt":"2026-04-30T12:14:12","guid":{"rendered":"http:\/\/www.noticiasdelparana.com.ar\/NuevaEdicion\/?p=363484"},"modified":"2026-04-30T09:14:31","modified_gmt":"2026-04-30T12:14:31","slug":"los-frentones-fuerte-choque-entre-camioneta-y-camion","status":"publish","type":"post","link":"https:\/\/www.noticiasdelparana.com.ar\/NuevaEdicion\/2026\/04\/30\/los-frentones-fuerte-choque-entre-camioneta-y-camion\/","title":{"rendered":"LOS FRENTONES: Fuerte Choque Entre Camioneta Y Cami\u00f3n"},"content":{"rendered":"\n<p>El hecho involucr\u00f3 a una camioneta Renault Captur, guiada por un joven de 23 a\u00f1os oriundo de Santiago del Estero, y un cami\u00f3n Mercedes Benz 1114, conducido por un joven de 19 a\u00f1os acompa\u00f1ado por otro de 24, ambos con domicilio en Los Frentones.<\/p>\n\n\n\n<p>\u200bComo consecuencia del impacto, los conductores y el acompa\u00f1ante fueron trasladados de urgencia en ambulancia al hospital local para recibir atenci\u00f3n m\u00e9dica. En el lugar trabaj\u00f3 personal policial realizando las pericias correspondientes por disposici\u00f3n de la Fiscal\u00eda N\u00b0 4 de S\u00e1enz Pe\u00f1a, a cargo del Dr. Gustavo Valero. Se aguardan los informes m\u00e9dicos para conocer el estado de gravedad de los lesionados.<\/p>\n","protected":false},"excerpt":{"rendered":"<p>30-Abr-26 Alrededor de las 20:15 horas de este mi\u00e9rcoles, se registr\u00f3 un fuerte accidente de tr\u00e1nsito en el kil\u00f3metro 278 de la Ruta Nacional N\u00b0 16, en jurisdicci\u00f3n de Los Frentones. <\/p>\n","protected":false},"author":4,"featured_media":363486,"comment_status":"closed","ping_status":"closed","sticky":false,"template":"","format":"standard","meta":[],"categories":[103],"tags":[],"_links":{"self":[{"href":"https:\/\/www.noticiasdelparana.com.ar\/NuevaEdicion\/wp-json\/wp\/v2\/posts\/363484"}],"collection":[{"href":"https:\/\/www.noticiasdelparana.com.ar\/NuevaEdicion\/wp-json\/wp\/v2\/posts"}],"about":[{"href":"https:\/\/www.noticiasdelparana.com.ar\/NuevaEdicion\/wp-json\/wp\/v2\/types\/post"}],"author":[{"embeddable":true,"href":"https:\/\/www.noticiasdelparana.com.ar\/NuevaEdicion\/wp-json\/wp\/v2\/users\/4"}],"replies":[{"embeddable":true,"href":"https:\/\/www.noticiasdelparana.com.ar\/NuevaEdicion\/wp-json\/wp\/v2\/comments?post=363484"}],"version-history":[{"count":1,"href":"https:\/\/www.noticiasdelparana.com.ar\/NuevaEdicion\/wp-json\/wp\/v2\/posts\/363484\/revisions"}],"predecessor-version":[{"id":363488,"href":"https:\/\/www.noticiasdelparana.com.ar\/NuevaEdicion\/wp-json\/wp\/v2\/posts\/363484\/revisions\/363488"}],"wp:featuredmedia":[{"embeddable":true,"href":"https:\/\/www.noticiasdelparana.com.ar\/NuevaEdicion\/wp-json\/wp\/v2\/media\/363486"}],"wp:attachment":[{"href":"https:\/\/www.noticiasdelparana.com.ar\/NuevaEdicion\/wp-json\/wp\/v2\/media?parent=363484"}],"wp:term":[{"taxonomy":"category","embeddable":true,"href":"https:\/\/www.noticiasdelparana.com.ar\/NuevaEdicion\/wp-json\/wp\/v2\/categories?post=363484"},{"taxonomy":"post_tag","embeddable":true,"href":"https:\/\/www.noticiasdelparana.com.ar\/NuevaEdicion\/wp-json\/wp\/v2\/tags?post=363484"}],"curies":[{"name":"wp","href":"https:\/\/api.w.org\/{rel}","templated":true}]}}