{"id":363506,"date":"2026-04-30T10:38:50","date_gmt":"2026-04-30T13:38:50","guid":{"rendered":"http:\/\/www.noticiasdelparana.com.ar\/NuevaEdicion\/?p=363506"},"modified":"2026-04-30T10:38:52","modified_gmt":"2026-04-30T13:38:52","slug":"chaco-la-cgt-marcha-por-el-1-de-mayo-y-evalua-un-nuevo-paro-general-resistencia-tambien-moviliza","status":"publish","type":"post","link":"https:\/\/www.noticiasdelparana.com.ar\/NuevaEdicion\/2026\/04\/30\/chaco-la-cgt-marcha-por-el-1-de-mayo-y-evalua-un-nuevo-paro-general-resistencia-tambien-moviliza\/","title":{"rendered":"CHACO:   La CGT Marcha Por El 1 De Mayo Y Eval\u00faa Un Nuevo Paro General; Resistencia Tambi\u00e9n Moviliza"},"content":{"rendered":"\n<p>En Resistencia la central obrera convoc\u00f3 a los trabajadores y a la comunidad a participar de las jornadas conmemorativas este jueves 30 y viernes 1 de mayo.<\/p>\n\n\n\n<p>A horas de la movilizaci\u00f3n por el D\u00eda del Trabajador, la Confederaci\u00f3n General del Trabajo (CGT) encendi\u00f3 las alarmas al anticipar que, una vez concluida la marcha de este jueves a Plaza de Mayo, implementar\u00e1 \u00abuna medida de fuerza mucho m\u00e1s fuerte\u00bb. As\u00ed lo afirm\u00f3 Jorge Sola, integrante del triunvirato de mando de la central obrera, en declaraciones a la radio digital Futur\u00f6ck, aunque evit\u00f3 precisar si se tratar\u00e1 de un nuevo paro general.<\/p>\n\n\n\n<p>\u00abClaramente, vamos a ir hacia una medida de fuerza mucho m\u00e1s fuerte. Me interesa el primer paso, que es mostrar en la calle el malhumor social que en todos lados se percibe\u00bb, sostuvo Sola, quien comparte la conducci\u00f3n cegetista con Octavio Arg\u00fcello (camioneros) y Cristian Jer\u00f3nimo (sindicato del vidrio). El dirigente explic\u00f3 que ese malestar no se limita a la ca\u00edda del consumo, sino que abarca \u00abel endeudamiento familiar, la p\u00e9rdida del empleo y conseguir un puesto de menor calidad que el que se ten\u00eda antes\u00bb.<\/p>\n\n\n\n<p>La CGT marchar\u00e1 este jueves desde las 15 hacia Plaza de Mayo. En Resistencia habr\u00e1 una movida similar&nbsp; de la central obrera que convoc\u00f3 a los trabajadores y a la comunidad a participar de las jornadas conmemorativas y de reivindicaci\u00f3n programadas para este 30 de abril y 1 de mayo, inclusive.<\/p>\n\n\n\n<p>&#8220;Ser\u00e1 una enorme manifestaci\u00f3n donde el pueblo trabajador se va a hacer sentir&#8221;, se\u00f1al\u00f3 Adri\u00e1n Bellomi, Cosecretario General de la organizaci\u00f3n, al referirse a la importancia de la participaci\u00f3n colectiva en el actual contexto econ\u00f3mico.&nbsp;<\/p>\n\n\n\n<p>&nbsp;\ud83d\udccd Jueves 30 de abril: 18:30: Concentraci\u00f3n en la sede de la CGT Chaco para iniciar la movilizaci\u00f3n hacia la Iglesia Catedral.&nbsp; 20:00 h: Misa institucional en v\u00edsperas del D\u00eda del Trabajador y en memoria del Papa Francisco.&nbsp;<\/p>\n\n\n\n<p>\ud83d\udccd Viernes 1 de mayo: 10:00: Tradicional ofrenda floral en la intersecci\u00f3n de calle Juan D. Per\u00f3n y la Peatonal de Resistencia.&nbsp;<\/p>\n\n\n\n<p>No nos almorcemos la cena. Primero, la marcha\u00bb<\/p>\n\n\n\n<p>Seg\u00fan adelant\u00f3 Sola, lo har\u00e1 \u00abconmemorando el D\u00eda del Trabajador y la centralidad de Francisco\u00bb, el Papa fallecido hace un a\u00f1o, a quien defini\u00f3 como una figura que \u00absigue habl\u00e1ndole al mundo del trabajo, revitalizando los derechos, la dignidad del trabajo y la representaci\u00f3n de las organizaciones gremiales\u00bb.<\/p>\n\n\n\n<p>En la central obrera, sin embargo, procuran bajar las expectativas sobre una eventual huelga inmediata. \u00abNo nos almorcemos la cena. Primero, la marcha\u00bb, dijo a La Naci\u00f3n una fuente del consejo directivo cegetista. De todos modos, si se concreta un paro, ser\u00e1 la quinta medida de fuerza contra la gesti\u00f3n de Javier Milei, tras la primera huelga del 24 de enero de 2024, cuando el mandatario llevaba poco m\u00e1s de un mes en el poder.<\/p>\n\n\n\n<p>En la movilizaci\u00f3n, la CGT contar\u00e1 con el respaldo de organizaciones aliadas como la Uni\u00f3n de Trabajadores de la Econom\u00eda Popular (UTEP), un conglomerado de movimientos sociales que confluye con la central. La UTEP celebr\u00f3 este mi\u00e9rcoles la decisi\u00f3n del Ministerio de Capital Humano de abonar los planes Volver al Trabajo, tras un fallo del juez federal de Campana, Adri\u00e1n Gonz\u00e1lez Charvay, que acept\u00f3 un recurso de amparo colectivo contra la eliminaci\u00f3n del subsidio. Paralelamente, Barrios de Pie, una de las organizaciones que integra la UTEP, protest\u00f3 con una olla popular frente al Congreso mientras el jefe de Gabinete, Manuel Adorni, brindaba una sesi\u00f3n informativa ante los diputados.<\/p>\n\n\n\n<p>Por otra parte, Sola se refiri\u00f3 al reciente fallo de la C\u00e1mara en lo Contencioso Administrativo Federal, que declar\u00f3 competente a ese fuero para definir sobre la constitucionalidad de la reforma laboral (Ley 27.802), una decisi\u00f3n que el Gobierno impuls\u00f3 para apartar al fuero del trabajo de la cuesti\u00f3n. El dirigente sostuvo que el tema debe \u00abvolver al juez natural\u00bb, en alusi\u00f3n al magistrado laboral Ra\u00fal Horacio Ojeda, quien hab\u00eda suspendido 82 art\u00edculos de la norma. \u00abEn todo caso, que la autoridad que defina lo que ese juez decida sea la Sala I de la C\u00e1mara Nacional de Apelaciones del Trabajo, que es la que intervino en el primer expediente que se abri\u00f3 contra la reforma laboral. Si nada de esto sucede, vamos a presentar el recurso ante la Corte Suprema\u00bb, advirti\u00f3 Sola.<\/p>\n\n\n\n<p>El dirigente tambi\u00e9n asegur\u00f3 que \u00abse han triplicado los conflictos sindicales\u00bb y puntualiz\u00f3 que esos enfrentamientos crecieron \u00aben el coraz\u00f3n productivo de la Argentina: Cuyo, C\u00f3rdoba, Santa Fe y Buenos Aires\u00bb.<\/p>\n","protected":false},"excerpt":{"rendered":"<p>29-Abr-26 En Resistencia la central obrera convoc\u00f3 a los trabajadores y a la comunidad a participar de las jornadas conmemorativas este jueves 30 y viernes 1 de mayo.<\/p>\n","protected":false},"author":3,"featured_media":363507,"comment_status":"closed","ping_status":"closed","sticky":false,"template":"","format":"standard","meta":[],"categories":[98],"tags":[],"_links":{"self":[{"href":"https:\/\/www.noticiasdelparana.com.ar\/NuevaEdicion\/wp-json\/wp\/v2\/posts\/363506"}],"collection":[{"href":"https:\/\/www.noticiasdelparana.com.ar\/NuevaEdicion\/wp-json\/wp\/v2\/posts"}],"about":[{"href":"https:\/\/www.noticiasdelparana.com.ar\/NuevaEdicion\/wp-json\/wp\/v2\/types\/post"}],"author":[{"embeddable":true,"href":"https:\/\/www.noticiasdelparana.com.ar\/NuevaEdicion\/wp-json\/wp\/v2\/users\/3"}],"replies":[{"embeddable":true,"href":"https:\/\/www.noticiasdelparana.com.ar\/NuevaEdicion\/wp-json\/wp\/v2\/comments?post=363506"}],"version-history":[{"count":1,"href":"https:\/\/www.noticiasdelparana.com.ar\/NuevaEdicion\/wp-json\/wp\/v2\/posts\/363506\/revisions"}],"predecessor-version":[{"id":363508,"href":"https:\/\/www.noticiasdelparana.com.ar\/NuevaEdicion\/wp-json\/wp\/v2\/posts\/363506\/revisions\/363508"}],"wp:featuredmedia":[{"embeddable":true,"href":"https:\/\/www.noticiasdelparana.com.ar\/NuevaEdicion\/wp-json\/wp\/v2\/media\/363507"}],"wp:attachment":[{"href":"https:\/\/www.noticiasdelparana.com.ar\/NuevaEdicion\/wp-json\/wp\/v2\/media?parent=363506"}],"wp:term":[{"taxonomy":"category","embeddable":true,"href":"https:\/\/www.noticiasdelparana.com.ar\/NuevaEdicion\/wp-json\/wp\/v2\/categories?post=363506"},{"taxonomy":"post_tag","embeddable":true,"href":"https:\/\/www.noticiasdelparana.com.ar\/NuevaEdicion\/wp-json\/wp\/v2\/tags?post=363506"}],"curies":[{"name":"wp","href":"https:\/\/api.w.org\/{rel}","templated":true}]}}