{"id":363509,"date":"2026-04-30T10:42:59","date_gmt":"2026-04-30T13:42:59","guid":{"rendered":"http:\/\/www.noticiasdelparana.com.ar\/NuevaEdicion\/?p=363509"},"modified":"2026-04-30T10:43:01","modified_gmt":"2026-04-30T13:43:01","slug":"chaco-amplian-charlas-sobre-delitos-digitales-en-escuelas-chaquenas","status":"publish","type":"post","link":"https:\/\/www.noticiasdelparana.com.ar\/NuevaEdicion\/2026\/04\/30\/chaco-amplian-charlas-sobre-delitos-digitales-en-escuelas-chaquenas\/","title":{"rendered":"CHACO:  Ampl\u00edan Charlas Sobre Delitos Digitales En Escuelas  Chaque\u00f1as"},"content":{"rendered":"\n<p>Las jornadas, desarrolladas en Resistencia, Fontana y Presidencia Roque S\u00e1enz Pe\u00f1a, alcanzaron a estudiantes, docentes y familias, brindando herramientas concretas para la prevenci\u00f3n de grooming, estafas digitales, amenazas en redes sociales y situaciones de cyberbullying.<\/p>\n\n\n\n<p>En paralelo a estas acciones preventivas, se detect\u00f3 que m\u00e1s de 50 establecimientos educativos se vieron afectados por amenazas digitales, mientras que cerca de 130 casos se encuentran actualmente bajo an\u00e1lisis, varios de ellos con responsables ya identificados. Este escenario refuerza la necesidad de profundizar las estrategias de prevenci\u00f3n y detecci\u00f3n temprana.<\/p>\n\n\n\n<p>Desde la Divisi\u00f3n de Cibercrimen destacaron resultados concretos de esta pol\u00edtica:<\/p>\n\n\n\n<p>-Mayor detecci\u00f3n temprana de amenazas<\/p>\n\n\n\n<p>-Identificaci\u00f3n de perfiles involucrados<\/p>\n\n\n\n<p>-Intervenci\u00f3n r\u00e1pida en casos que involucran a menores<\/p>\n\n\n\n<p>-Creciente demanda de instituciones educativas para nuevas capacitaciones<\/p>\n\n\n\n<p>Por su parte, desde el Ministerio de Seguridad remarcaron que muchas conductas que suelen considerarse \u201cbromas\u201d en redes sociales pueden constituir delitos penales y derivar en consecuencias reales.<\/p>\n\n\n\n<p>En ese sentido, subrayaron que la prevenci\u00f3n es hoy la herramienta m\u00e1s efectiva para anticiparse al delito digital y proteger a ni\u00f1os y adolescentes.<\/p>\n","protected":false},"excerpt":{"rendered":"<p>29-Abr-26 En el marco de una pol\u00edtica sostenida de prevenci\u00f3n impulsada por el Gobierno del Chaco, el Ministerio de Seguridad, junto a la Divisi\u00f3n de Cibercrimen de la Polic\u00eda del Chaco, contin\u00faa ampliando las charlas de concientizaci\u00f3n sobre delitos digitales en toda la provincia<\/p>\n","protected":false},"author":3,"featured_media":363510,"comment_status":"closed","ping_status":"closed","sticky":false,"template":"","format":"standard","meta":[],"categories":[98],"tags":[],"_links":{"self":[{"href":"https:\/\/www.noticiasdelparana.com.ar\/NuevaEdicion\/wp-json\/wp\/v2\/posts\/363509"}],"collection":[{"href":"https:\/\/www.noticiasdelparana.com.ar\/NuevaEdicion\/wp-json\/wp\/v2\/posts"}],"about":[{"href":"https:\/\/www.noticiasdelparana.com.ar\/NuevaEdicion\/wp-json\/wp\/v2\/types\/post"}],"author":[{"embeddable":true,"href":"https:\/\/www.noticiasdelparana.com.ar\/NuevaEdicion\/wp-json\/wp\/v2\/users\/3"}],"replies":[{"embeddable":true,"href":"https:\/\/www.noticiasdelparana.com.ar\/NuevaEdicion\/wp-json\/wp\/v2\/comments?post=363509"}],"version-history":[{"count":1,"href":"https:\/\/www.noticiasdelparana.com.ar\/NuevaEdicion\/wp-json\/wp\/v2\/posts\/363509\/revisions"}],"predecessor-version":[{"id":363511,"href":"https:\/\/www.noticiasdelparana.com.ar\/NuevaEdicion\/wp-json\/wp\/v2\/posts\/363509\/revisions\/363511"}],"wp:featuredmedia":[{"embeddable":true,"href":"https:\/\/www.noticiasdelparana.com.ar\/NuevaEdicion\/wp-json\/wp\/v2\/media\/363510"}],"wp:attachment":[{"href":"https:\/\/www.noticiasdelparana.com.ar\/NuevaEdicion\/wp-json\/wp\/v2\/media?parent=363509"}],"wp:term":[{"taxonomy":"category","embeddable":true,"href":"https:\/\/www.noticiasdelparana.com.ar\/NuevaEdicion\/wp-json\/wp\/v2\/categories?post=363509"},{"taxonomy":"post_tag","embeddable":true,"href":"https:\/\/www.noticiasdelparana.com.ar\/NuevaEdicion\/wp-json\/wp\/v2\/tags?post=363509"}],"curies":[{"name":"wp","href":"https:\/\/api.w.org\/{rel}","templated":true}]}}