{"id":363512,"date":"2026-04-30T10:52:22","date_gmt":"2026-04-30T13:52:22","guid":{"rendered":"http:\/\/www.noticiasdelparana.com.ar\/NuevaEdicion\/?p=363512"},"modified":"2026-04-30T10:52:24","modified_gmt":"2026-04-30T13:52:24","slug":"chaco-leiva-cruzo-al-gobierno-adorni-fue-al-congreso-a-tomarle-el-pelo-a-la-gente","status":"publish","type":"post","link":"https:\/\/www.noticiasdelparana.com.ar\/NuevaEdicion\/2026\/04\/30\/chaco-leiva-cruzo-al-gobierno-adorni-fue-al-congreso-a-tomarle-el-pelo-a-la-gente\/","title":{"rendered":"CHACO:   Leiva Cruz\u00f3 Al Gobierno: \u201cAdorni Fue Al Congreso A Tomarle El Pelo A La Gente\u201d"},"content":{"rendered":"\n<p>\u201cEl Gobierno no tiene rumbo, est\u00e1 agotado y la soluci\u00f3n la va a poner la gente el a\u00f1o que viene cuando vote\u201d, sostuvo el legislador, marcando un fuerte posicionamiento pol\u00edtico de cara al escenario electoral.<\/p>\n\n\n\n<p>Durante su intervenci\u00f3n, en el programa &#8220;A dos Voces&#8221; de TN, Leiva tambi\u00e9n respald\u00f3 los lineamientos de Cristina Fern\u00e1ndez de Kirchner y acus\u00f3 a la gesti\u00f3n de Javier Milei de desatender \u00e1reas sensibles. En ese sentido, se\u00f1al\u00f3 que el Ejecutivo \u201cabandona a los docentes universitarios, a los m\u00e9dicos del Hospital Garrahan y a las personas con discapacidad\u201d, al no cumplir \u2014seg\u00fan afirm\u00f3\u2014 con resoluciones judiciales vinculadas a financiamiento.<\/p>\n\n\n\n<p>Entre sus declaraciones m\u00e1s contundentes, el diputado chaque\u00f1o expres\u00f3:<\/p>\n\n\n\n<p>\u201cEste gobierno est\u00e1 agotado, no tiene vuelta atr\u00e1s\u201d y agreg\u00f3: \u201cMilei y su hermana son los jefes de una banda y por eso fueron al Congreso a acompa\u00f1ar al vocero de la banda\u201d.<\/p>\n\n\n\n<p>Adem\u00e1s, apunt\u00f3 contra el desempe\u00f1o oficial en \u00e1reas clave: \u201cEn los dos temas en los que Milei dijo que era experto, fracas\u00f3: en lo econ\u00f3mico y en la lucha contra la corrupci\u00f3n\u201d.<\/p>\n\n\n\n<p>En el tramo m\u00e1s caliente del debate, Leiva tambi\u00e9n cuestion\u00f3 a sectores pol\u00edticos que acompa\u00f1aron al oficialismo: asegur\u00f3 que quienes votaron el presupuesto \u201choy miran para otro lado y se hacen las \u2018carmelitas descalzas\u2019, siendo c\u00f3mplices del desastre de este gobierno\u201d.<\/p>\n","protected":false},"excerpt":{"rendered":"<p>29-Abr-26 El diputado nacional por Chaco Aldo Leiva, del bloque Uni\u00f3n por la Patria, lanz\u00f3 duras cr\u00edticas al Gobierno nacional durante una exposici\u00f3n en televisi\u00f3n, donde defendi\u00f3 el rol de la oposici\u00f3n y cuestion\u00f3 la presencia de Manuel Adorni en el Congreso.<\/p>\n","protected":false},"author":3,"featured_media":363513,"comment_status":"closed","ping_status":"closed","sticky":false,"template":"","format":"standard","meta":[],"categories":[98],"tags":[],"_links":{"self":[{"href":"https:\/\/www.noticiasdelparana.com.ar\/NuevaEdicion\/wp-json\/wp\/v2\/posts\/363512"}],"collection":[{"href":"https:\/\/www.noticiasdelparana.com.ar\/NuevaEdicion\/wp-json\/wp\/v2\/posts"}],"about":[{"href":"https:\/\/www.noticiasdelparana.com.ar\/NuevaEdicion\/wp-json\/wp\/v2\/types\/post"}],"author":[{"embeddable":true,"href":"https:\/\/www.noticiasdelparana.com.ar\/NuevaEdicion\/wp-json\/wp\/v2\/users\/3"}],"replies":[{"embeddable":true,"href":"https:\/\/www.noticiasdelparana.com.ar\/NuevaEdicion\/wp-json\/wp\/v2\/comments?post=363512"}],"version-history":[{"count":1,"href":"https:\/\/www.noticiasdelparana.com.ar\/NuevaEdicion\/wp-json\/wp\/v2\/posts\/363512\/revisions"}],"predecessor-version":[{"id":363514,"href":"https:\/\/www.noticiasdelparana.com.ar\/NuevaEdicion\/wp-json\/wp\/v2\/posts\/363512\/revisions\/363514"}],"wp:featuredmedia":[{"embeddable":true,"href":"https:\/\/www.noticiasdelparana.com.ar\/NuevaEdicion\/wp-json\/wp\/v2\/media\/363513"}],"wp:attachment":[{"href":"https:\/\/www.noticiasdelparana.com.ar\/NuevaEdicion\/wp-json\/wp\/v2\/media?parent=363512"}],"wp:term":[{"taxonomy":"category","embeddable":true,"href":"https:\/\/www.noticiasdelparana.com.ar\/NuevaEdicion\/wp-json\/wp\/v2\/categories?post=363512"},{"taxonomy":"post_tag","embeddable":true,"href":"https:\/\/www.noticiasdelparana.com.ar\/NuevaEdicion\/wp-json\/wp\/v2\/tags?post=363512"}],"curies":[{"name":"wp","href":"https:\/\/api.w.org\/{rel}","templated":true}]}}