{"id":363603,"date":"2026-05-01T08:00:18","date_gmt":"2026-05-01T11:00:18","guid":{"rendered":"http:\/\/www.noticiasdelparana.com.ar\/NuevaEdicion\/?p=363603"},"modified":"2026-05-01T08:00:26","modified_gmt":"2026-05-01T11:00:26","slug":"barranqueras-un-hombre-detenido-por-sustraer-bienes-en-una-vivienda","status":"publish","type":"post","link":"https:\/\/www.noticiasdelparana.com.ar\/NuevaEdicion\/2026\/05\/01\/barranqueras-un-hombre-detenido-por-sustraer-bienes-en-una-vivienda\/","title":{"rendered":"BARRANQUERAS: Un Hombre Detenido Por Sustraer Bienes En Una Vivienda"},"content":{"rendered":"\n<p>Anoche alrededor de las 21.30 los efectivos realizaban patrullajes investigativos por la ciudad portuaria, cuando tomaron conocimiento de un il\u00edcito en una vivienda, un joven se llev\u00f3 artefactos de peluquer\u00eda y un termo. Inmediatamente agudizaron las recorridas por las inmediaciones.<\/p>\n\n\n\n<p>Solo pocos minutos despu\u00e9s en la intersecci\u00f3n de la Avenida Edison y Lapacho detuvieron al implicado en el robo, en su poder secuestraron una plancha y secadora para pelo y un termo, todo coincid\u00eda con lo denunciado.<\/p>\n\n\n\n<p>El demorado de 21 a\u00f1os fue conducido y notificado de su aprehensi\u00f3n por la causa Supuesto Hurto y lo secuestrado fue devuelto a su due\u00f1a.<\/p>\n","protected":false},"excerpt":{"rendered":"<p>01-May-26 Los efectivos de la Divisi\u00f3n Enlace Operativo lo demoraron que lo denunciado, lo pusieron ante la justicia.<\/p>\n","protected":false},"author":4,"featured_media":363604,"comment_status":"closed","ping_status":"closed","sticky":false,"template":"","format":"standard","meta":[],"categories":[99],"tags":[],"_links":{"self":[{"href":"https:\/\/www.noticiasdelparana.com.ar\/NuevaEdicion\/wp-json\/wp\/v2\/posts\/363603"}],"collection":[{"href":"https:\/\/www.noticiasdelparana.com.ar\/NuevaEdicion\/wp-json\/wp\/v2\/posts"}],"about":[{"href":"https:\/\/www.noticiasdelparana.com.ar\/NuevaEdicion\/wp-json\/wp\/v2\/types\/post"}],"author":[{"embeddable":true,"href":"https:\/\/www.noticiasdelparana.com.ar\/NuevaEdicion\/wp-json\/wp\/v2\/users\/4"}],"replies":[{"embeddable":true,"href":"https:\/\/www.noticiasdelparana.com.ar\/NuevaEdicion\/wp-json\/wp\/v2\/comments?post=363603"}],"version-history":[{"count":1,"href":"https:\/\/www.noticiasdelparana.com.ar\/NuevaEdicion\/wp-json\/wp\/v2\/posts\/363603\/revisions"}],"predecessor-version":[{"id":363605,"href":"https:\/\/www.noticiasdelparana.com.ar\/NuevaEdicion\/wp-json\/wp\/v2\/posts\/363603\/revisions\/363605"}],"wp:featuredmedia":[{"embeddable":true,"href":"https:\/\/www.noticiasdelparana.com.ar\/NuevaEdicion\/wp-json\/wp\/v2\/media\/363604"}],"wp:attachment":[{"href":"https:\/\/www.noticiasdelparana.com.ar\/NuevaEdicion\/wp-json\/wp\/v2\/media?parent=363603"}],"wp:term":[{"taxonomy":"category","embeddable":true,"href":"https:\/\/www.noticiasdelparana.com.ar\/NuevaEdicion\/wp-json\/wp\/v2\/categories?post=363603"},{"taxonomy":"post_tag","embeddable":true,"href":"https:\/\/www.noticiasdelparana.com.ar\/NuevaEdicion\/wp-json\/wp\/v2\/tags?post=363603"}],"curies":[{"name":"wp","href":"https:\/\/api.w.org\/{rel}","templated":true}]}}