{"id":363606,"date":"2026-05-01T08:26:09","date_gmt":"2026-05-01T11:26:09","guid":{"rendered":"http:\/\/www.noticiasdelparana.com.ar\/NuevaEdicion\/?p=363606"},"modified":"2026-05-01T08:26:36","modified_gmt":"2026-05-01T11:26:36","slug":"chaco-mensaje-del-stj-en-el-dia-del-trabajo-y-la-constitucion-nacional","status":"publish","type":"post","link":"https:\/\/www.noticiasdelparana.com.ar\/NuevaEdicion\/2026\/05\/01\/chaco-mensaje-del-stj-en-el-dia-del-trabajo-y-la-constitucion-nacional\/","title":{"rendered":"CHACO: Mensaje Del STJ En El D\u00eda Del Trabajo Y La Constituci\u00f3n Nacional"},"content":{"rendered":"\n<p>Es con motivo del D\u00eda Internacional del Trabajo, que se celebra el viernes 1 de mayo, en consonancia con el D\u00eda de la Constituci\u00f3n Nacional.<\/p>\n\n\n\n<p>As\u00ed, destaca la vocaci\u00f3n de servicio del plantel judicial chaque\u00f1o, el compromiso, esfuerzo, empe\u00f1o cotidiano y la alta capacitaci\u00f3n como atributos distintivos que son reconocidos en los \u00e1mbitos jur\u00eddicos a nivel nacional.<\/p>\n\n\n\n<p>Por otra parte, el STJ reconoce el valor del trabajo en todas sus formas como presupuesto de la dignidad humana, garantizado por la normativa constitucional y convencional supremas y por el conjunto de leyes dictadas en consecuencia.<br><\/p>\n\n\n\n<p>Defender la Constituci\u00f3n<\/p>\n\n\n\n<p>Finalmente, al cumplirse 173 a\u00f1os de la sanci\u00f3n de la Constituci\u00f3n Nacional, invita a reflexionar respecto su defensa y amparo como pacto fundacional con aptitud para reglar los comportamientos globales de la sociedad de modo que se mantenga vivo el esp\u00edritu constitucional.<\/p>\n","protected":false},"excerpt":{"rendered":"<p>01-May-26  El Superior Tribunal de Justicia del Chaco saluda a trabajadoras y trabajadores, en particular a quienes cumplen funciones en el Poder Judicial <\/p>\n","protected":false},"author":3,"featured_media":363607,"comment_status":"closed","ping_status":"closed","sticky":false,"template":"","format":"standard","meta":[],"categories":[98],"tags":[],"_links":{"self":[{"href":"https:\/\/www.noticiasdelparana.com.ar\/NuevaEdicion\/wp-json\/wp\/v2\/posts\/363606"}],"collection":[{"href":"https:\/\/www.noticiasdelparana.com.ar\/NuevaEdicion\/wp-json\/wp\/v2\/posts"}],"about":[{"href":"https:\/\/www.noticiasdelparana.com.ar\/NuevaEdicion\/wp-json\/wp\/v2\/types\/post"}],"author":[{"embeddable":true,"href":"https:\/\/www.noticiasdelparana.com.ar\/NuevaEdicion\/wp-json\/wp\/v2\/users\/3"}],"replies":[{"embeddable":true,"href":"https:\/\/www.noticiasdelparana.com.ar\/NuevaEdicion\/wp-json\/wp\/v2\/comments?post=363606"}],"version-history":[{"count":2,"href":"https:\/\/www.noticiasdelparana.com.ar\/NuevaEdicion\/wp-json\/wp\/v2\/posts\/363606\/revisions"}],"predecessor-version":[{"id":363609,"href":"https:\/\/www.noticiasdelparana.com.ar\/NuevaEdicion\/wp-json\/wp\/v2\/posts\/363606\/revisions\/363609"}],"wp:featuredmedia":[{"embeddable":true,"href":"https:\/\/www.noticiasdelparana.com.ar\/NuevaEdicion\/wp-json\/wp\/v2\/media\/363607"}],"wp:attachment":[{"href":"https:\/\/www.noticiasdelparana.com.ar\/NuevaEdicion\/wp-json\/wp\/v2\/media?parent=363606"}],"wp:term":[{"taxonomy":"category","embeddable":true,"href":"https:\/\/www.noticiasdelparana.com.ar\/NuevaEdicion\/wp-json\/wp\/v2\/categories?post=363606"},{"taxonomy":"post_tag","embeddable":true,"href":"https:\/\/www.noticiasdelparana.com.ar\/NuevaEdicion\/wp-json\/wp\/v2\/tags?post=363606"}],"curies":[{"name":"wp","href":"https:\/\/api.w.org\/{rel}","templated":true}]}}