{"id":363667,"date":"2026-05-01T14:09:34","date_gmt":"2026-05-01T17:09:34","guid":{"rendered":"http:\/\/www.noticiasdelparana.com.ar\/NuevaEdicion\/?p=363667"},"modified":"2026-05-01T14:09:38","modified_gmt":"2026-05-01T17:09:38","slug":"barranqueras-autoridades-participaron-del-acto-por-el-dia-de-la-constitucion-nacional-en-la-e-e-t-n2","status":"publish","type":"post","link":"https:\/\/www.noticiasdelparana.com.ar\/NuevaEdicion\/2026\/05\/01\/barranqueras-autoridades-participaron-del-acto-por-el-dia-de-la-constitucion-nacional-en-la-e-e-t-n2\/","title":{"rendered":"BARRANQUERAS: Autoridades Participaron Del Acto Por El D\u00eda De La Constituci\u00f3n Nacional En La E.E.T. N\u00b02"},"content":{"rendered":"\n<p>Desde el municipio destacaron la participaci\u00f3n junto a la comunidad educativa en una jornada que puso en valor los principios fundamentales de la Constituci\u00f3n y su importancia en la vida democr\u00e1tica del pa\u00eds.<\/p>\n\n\n\n<p>Durante el acto se llev\u00f3 adelante la entrega de 109 ejemplares de la Constituci\u00f3n Nacional, con el objetivo de promover la formaci\u00f3n c\u00edvica y garantizar el acceso a herramientas fundamentales para el conocimiento de los derechos y deberes ciudadanos.<\/p>\n\n\n\n<figure class=\"wp-block-gallery columns-3 is-cropped\"><ul class=\"blocks-gallery-grid\"><li class=\"blocks-gallery-item\"><figure><img loading=\"lazy\" width=\"640\" height=\"360\" src=\"https:\/\/www.noticiasdelparana.com.ar\/NuevaEdicion\/wp-content\/uploads\/2026\/05\/682868990_18358457668239803_746332007423382560_n.jpg\" alt=\"\" data-id=\"363669\" data-full-url=\"https:\/\/www.noticiasdelparana.com.ar\/NuevaEdicion\/wp-content\/uploads\/2026\/05\/682868990_18358457668239803_746332007423382560_n.jpg\" data-link=\"https:\/\/www.noticiasdelparana.com.ar\/NuevaEdicion\/?attachment_id=363669\" class=\"wp-image-363669\" srcset=\"https:\/\/www.noticiasdelparana.com.ar\/NuevaEdicion\/wp-content\/uploads\/2026\/05\/682868990_18358457668239803_746332007423382560_n.jpg 640w, https:\/\/www.noticiasdelparana.com.ar\/NuevaEdicion\/wp-content\/uploads\/2026\/05\/682868990_18358457668239803_746332007423382560_n-300x169.jpg 300w\" sizes=\"(max-width: 640px) 100vw, 640px\" \/><\/figure><\/li><li class=\"blocks-gallery-item\"><figure><img loading=\"lazy\" width=\"640\" height=\"360\" src=\"https:\/\/www.noticiasdelparana.com.ar\/NuevaEdicion\/wp-content\/uploads\/2026\/05\/681774486_18358457659239803_3730333766207993508_n.jpg\" alt=\"\" data-id=\"363670\" data-full-url=\"https:\/\/www.noticiasdelparana.com.ar\/NuevaEdicion\/wp-content\/uploads\/2026\/05\/681774486_18358457659239803_3730333766207993508_n.jpg\" data-link=\"https:\/\/www.noticiasdelparana.com.ar\/NuevaEdicion\/?attachment_id=363670\" class=\"wp-image-363670\" srcset=\"https:\/\/www.noticiasdelparana.com.ar\/NuevaEdicion\/wp-content\/uploads\/2026\/05\/681774486_18358457659239803_3730333766207993508_n.jpg 640w, https:\/\/www.noticiasdelparana.com.ar\/NuevaEdicion\/wp-content\/uploads\/2026\/05\/681774486_18358457659239803_3730333766207993508_n-300x169.jpg 300w\" sizes=\"(max-width: 640px) 100vw, 640px\" \/><\/figure><\/li><li class=\"blocks-gallery-item\"><figure><img loading=\"lazy\" width=\"640\" height=\"360\" src=\"https:\/\/www.noticiasdelparana.com.ar\/NuevaEdicion\/wp-content\/uploads\/2026\/05\/682830679_18358457740239803_8524800771513477653_n.jpg\" alt=\"\" data-id=\"363671\" data-full-url=\"https:\/\/www.noticiasdelparana.com.ar\/NuevaEdicion\/wp-content\/uploads\/2026\/05\/682830679_18358457740239803_8524800771513477653_n.jpg\" data-link=\"https:\/\/www.noticiasdelparana.com.ar\/NuevaEdicion\/?attachment_id=363671\" class=\"wp-image-363671\" srcset=\"https:\/\/www.noticiasdelparana.com.ar\/NuevaEdicion\/wp-content\/uploads\/2026\/05\/682830679_18358457740239803_8524800771513477653_n.jpg 640w, https:\/\/www.noticiasdelparana.com.ar\/NuevaEdicion\/wp-content\/uploads\/2026\/05\/682830679_18358457740239803_8524800771513477653_n-300x169.jpg 300w\" sizes=\"(max-width: 640px) 100vw, 640px\" \/><\/figure><\/li><li class=\"blocks-gallery-item\"><figure><img loading=\"lazy\" width=\"640\" height=\"360\" src=\"https:\/\/www.noticiasdelparana.com.ar\/NuevaEdicion\/wp-content\/uploads\/2026\/05\/682835039_18358457704239803_5231277502486957585_n.jpg\" alt=\"\" data-id=\"363672\" data-full-url=\"https:\/\/www.noticiasdelparana.com.ar\/NuevaEdicion\/wp-content\/uploads\/2026\/05\/682835039_18358457704239803_5231277502486957585_n.jpg\" data-link=\"https:\/\/www.noticiasdelparana.com.ar\/NuevaEdicion\/?attachment_id=363672\" class=\"wp-image-363672\" srcset=\"https:\/\/www.noticiasdelparana.com.ar\/NuevaEdicion\/wp-content\/uploads\/2026\/05\/682835039_18358457704239803_5231277502486957585_n.jpg 640w, https:\/\/www.noticiasdelparana.com.ar\/NuevaEdicion\/wp-content\/uploads\/2026\/05\/682835039_18358457704239803_5231277502486957585_n-300x169.jpg 300w\" sizes=\"(max-width: 640px) 100vw, 640px\" \/><\/figure><\/li><\/ul><\/figure>\n\n\n\n<p>Las autoridades remarcaron la importancia de continuar fortaleciendo la educaci\u00f3n, la construcci\u00f3n de ciudadan\u00eda y la participaci\u00f3n activa de los j\u00f3venes en la democracia, consolidando espacios de aprendizaje y reflexi\u00f3n en las instituciones educativas.<\/p>\n","protected":false},"excerpt":{"rendered":"<p>01-May-26   En el marco del D\u00eda de la Constituci\u00f3n Nacional, el intendente de Barranqueras, Roberto Ben\u00edtez, y la diputada provincial Magda Ayala acompa\u00f1aron el acto conmemorativo realizado en la Escuela de Educaci\u00f3n T\u00e9cnica N\u00b02 \u201cGral. Jos\u00e9 de San Mart\u00edn\u201d.<\/p>\n","protected":false},"author":3,"featured_media":363668,"comment_status":"closed","ping_status":"closed","sticky":false,"template":"","format":"standard","meta":[],"categories":[99],"tags":[],"_links":{"self":[{"href":"https:\/\/www.noticiasdelparana.com.ar\/NuevaEdicion\/wp-json\/wp\/v2\/posts\/363667"}],"collection":[{"href":"https:\/\/www.noticiasdelparana.com.ar\/NuevaEdicion\/wp-json\/wp\/v2\/posts"}],"about":[{"href":"https:\/\/www.noticiasdelparana.com.ar\/NuevaEdicion\/wp-json\/wp\/v2\/types\/post"}],"author":[{"embeddable":true,"href":"https:\/\/www.noticiasdelparana.com.ar\/NuevaEdicion\/wp-json\/wp\/v2\/users\/3"}],"replies":[{"embeddable":true,"href":"https:\/\/www.noticiasdelparana.com.ar\/NuevaEdicion\/wp-json\/wp\/v2\/comments?post=363667"}],"version-history":[{"count":1,"href":"https:\/\/www.noticiasdelparana.com.ar\/NuevaEdicion\/wp-json\/wp\/v2\/posts\/363667\/revisions"}],"predecessor-version":[{"id":363673,"href":"https:\/\/www.noticiasdelparana.com.ar\/NuevaEdicion\/wp-json\/wp\/v2\/posts\/363667\/revisions\/363673"}],"wp:featuredmedia":[{"embeddable":true,"href":"https:\/\/www.noticiasdelparana.com.ar\/NuevaEdicion\/wp-json\/wp\/v2\/media\/363668"}],"wp:attachment":[{"href":"https:\/\/www.noticiasdelparana.com.ar\/NuevaEdicion\/wp-json\/wp\/v2\/media?parent=363667"}],"wp:term":[{"taxonomy":"category","embeddable":true,"href":"https:\/\/www.noticiasdelparana.com.ar\/NuevaEdicion\/wp-json\/wp\/v2\/categories?post=363667"},{"taxonomy":"post_tag","embeddable":true,"href":"https:\/\/www.noticiasdelparana.com.ar\/NuevaEdicion\/wp-json\/wp\/v2\/tags?post=363667"}],"curies":[{"name":"wp","href":"https:\/\/api.w.org\/{rel}","templated":true}]}}