{"id":363674,"date":"2026-05-01T14:24:51","date_gmt":"2026-05-01T17:24:51","guid":{"rendered":"http:\/\/www.noticiasdelparana.com.ar\/NuevaEdicion\/?p=363674"},"modified":"2026-05-01T14:24:55","modified_gmt":"2026-05-01T17:24:55","slug":"puerto-vilelas-realizaron-el-segundo-operativo-sanitario-municipal-en-la-delegacion-tres-bocas","status":"publish","type":"post","link":"https:\/\/www.noticiasdelparana.com.ar\/NuevaEdicion\/2026\/05\/01\/puerto-vilelas-realizaron-el-segundo-operativo-sanitario-municipal-en-la-delegacion-tres-bocas\/","title":{"rendered":"PUERTO VILELAS: Realizaron El Segundo Operativo Sanitario Municipal En La Delegaci\u00f3n Tres Bocas"},"content":{"rendered":"\n<p>La jornada se desarroll\u00f3 entre las 8:30 y las 11:00, y cont\u00f3 con atenci\u00f3n m\u00e9dica cl\u00ednica, aplicaci\u00f3n de vacunas y tareas de enfermer\u00eda, brindando respuestas concretas a la comunidad en un espacio cercano y accesible.<br>El operativo fue realizado \u00edntegramente por profesionales del Centro Integrador Comunitario (C.I.C.) \u201cCarlos Pi\u00f1ol\u201d, destac\u00e1ndose el compromiso y la capacidad del equipo de salud local, que trabaja diariamente para garantizar el acceso a derechos b\u00e1sicos como la atenci\u00f3n sanitaria.<br>Este tipo de acciones reflejan una presencia activa del Estado en el territorio, con el objetivo de fortalecer la prevenci\u00f3n y la atenci\u00f3n primaria de la salud, entendiendo que el acceso a estos servicios no puede postergarse y debe llegar a cada barrio con planificaci\u00f3n y un fuerte sentido social.<\/p>\n","protected":false},"excerpt":{"rendered":"<p>01-May-26    Durante la ma\u00f1ana de este jueves, se llev\u00f3 adelante el segundo Operativo Sanitario Municipal en la Delegaci\u00f3n Tres Bocas de Puerto Vilelas, una iniciativa destinada a acercar servicios esenciales de salud a los vecinos del sector.<\/p>\n","protected":false},"author":3,"featured_media":363675,"comment_status":"closed","ping_status":"closed","sticky":false,"template":"","format":"standard","meta":[],"categories":[108,101],"tags":[],"_links":{"self":[{"href":"https:\/\/www.noticiasdelparana.com.ar\/NuevaEdicion\/wp-json\/wp\/v2\/posts\/363674"}],"collection":[{"href":"https:\/\/www.noticiasdelparana.com.ar\/NuevaEdicion\/wp-json\/wp\/v2\/posts"}],"about":[{"href":"https:\/\/www.noticiasdelparana.com.ar\/NuevaEdicion\/wp-json\/wp\/v2\/types\/post"}],"author":[{"embeddable":true,"href":"https:\/\/www.noticiasdelparana.com.ar\/NuevaEdicion\/wp-json\/wp\/v2\/users\/3"}],"replies":[{"embeddable":true,"href":"https:\/\/www.noticiasdelparana.com.ar\/NuevaEdicion\/wp-json\/wp\/v2\/comments?post=363674"}],"version-history":[{"count":1,"href":"https:\/\/www.noticiasdelparana.com.ar\/NuevaEdicion\/wp-json\/wp\/v2\/posts\/363674\/revisions"}],"predecessor-version":[{"id":363676,"href":"https:\/\/www.noticiasdelparana.com.ar\/NuevaEdicion\/wp-json\/wp\/v2\/posts\/363674\/revisions\/363676"}],"wp:featuredmedia":[{"embeddable":true,"href":"https:\/\/www.noticiasdelparana.com.ar\/NuevaEdicion\/wp-json\/wp\/v2\/media\/363675"}],"wp:attachment":[{"href":"https:\/\/www.noticiasdelparana.com.ar\/NuevaEdicion\/wp-json\/wp\/v2\/media?parent=363674"}],"wp:term":[{"taxonomy":"category","embeddable":true,"href":"https:\/\/www.noticiasdelparana.com.ar\/NuevaEdicion\/wp-json\/wp\/v2\/categories?post=363674"},{"taxonomy":"post_tag","embeddable":true,"href":"https:\/\/www.noticiasdelparana.com.ar\/NuevaEdicion\/wp-json\/wp\/v2\/tags?post=363674"}],"curies":[{"name":"wp","href":"https:\/\/api.w.org\/{rel}","templated":true}]}}